{"id":96623,"date":"2019-05-27T11:46:12","date_gmt":"2019-05-27T14:46:12","guid":{"rendered":"http:\/\/www.caririemacao.com\/1\/?p=96623"},"modified":"2019-05-27T11:46:12","modified_gmt":"2019-05-27T14:46:12","slug":"homem-agride-filho-e-esposa-com-golpes-de-faca-e-comete-suicidio-em-umbuzeiro","status":"publish","type":"post","link":"https:\/\/www.caririemacao.com\/1\/2019\/05\/27\/homem-agride-filho-e-esposa-com-golpes-de-faca-e-comete-suicidio-em-umbuzeiro\/","title":{"rendered":"Homem agride filho e esposa com golpes de faca e comete suic\u00eddio em Umbuzeiro"},"content":{"rendered":"\n<p>Um homem agrediu o filho e a esposa com golpes com golpes de faca na noite deste domingo (26), no munic\u00edpio de Umbuzeiro, na Para\u00edba. Ap\u00f3s as agress\u00f5es, Jos\u00e9 Roberto Figueira Barbosa, de 42 anos, se enforcou.<\/p>\n\n\n\n<p>A Pol\u00edcia Militar informou que por volta das 21h a guarni\u00e7\u00e3o foi acionada.&nbsp;Ana M\u00e1rcia Xavier, de&nbsp;31 anos apresentava um ferimento profundo pr\u00f3ximo ao pesco\u00e7o, enquanto o filho de 17 anos, teve ferimentos na cabe\u00e7a.&nbsp;<\/p>\n\n\n\n<p>As v\u00edtimas foram socorridas para o Hospital de Trauma de Campina Grande, por\u00e9m de acordo com a assessoria de imprensa da unidade, familiares pediram que o estado de sa\u00fade n\u00e3o fosse divulgado.<\/p>\n\n\n\n<p>As causas das agress\u00f5es tamb\u00e9m n\u00e3o foram informadas.&nbsp;<\/p>\n\n\n\n<p>O corpo de Jos\u00e9 Roberto foi encaminhado para o N\u00facleo de Medicina e Odontologia Legal (Numol) de Campina Grande.<\/p>\n","protected":false},"excerpt":{"rendered":"<p>Um homem agrediu o filho e a esposa com golpes com golpes de faca na noite deste domingo (26), no munic\u00edpio de Umbuzeiro, na Para\u00edba.&hellip; <\/p>\n","protected":false},"author":1,"featured_media":96624,"comment_status":"closed","ping_status":"closed","sticky":false,"template":"","format":"standard","meta":{"sfsi_plus_gutenberg_text_before_share":"","sfsi_plus_gutenberg_show_text_before_share":"","sfsi_plus_gutenberg_icon_type":"","sfsi_plus_gutenberg_icon_alignemt":"","sfsi_plus_gutenburg_max_per_row":"","footnotes":""},"categories":[12],"tags":[],"class_list":["post-96623","post","type-post","status-publish","format-standard","has-post-thumbnail","hentry","category-policia"],"_links":{"self":[{"href":"https:\/\/www.caririemacao.com\/1\/wp-json\/wp\/v2\/posts\/96623","targetHints":{"allow":["GET"]}}],"collection":[{"href":"https:\/\/www.caririemacao.com\/1\/wp-json\/wp\/v2\/posts"}],"about":[{"href":"https:\/\/www.caririemacao.com\/1\/wp-json\/wp\/v2\/types\/post"}],"author":[{"embeddable":true,"href":"https:\/\/www.caririemacao.com\/1\/wp-json\/wp\/v2\/users\/1"}],"replies":[{"embeddable":true,"href":"https:\/\/www.caririemacao.com\/1\/wp-json\/wp\/v2\/comments?post=96623"}],"version-history":[{"count":1,"href":"https:\/\/www.caririemacao.com\/1\/wp-json\/wp\/v2\/posts\/96623\/revisions"}],"predecessor-version":[{"id":96625,"href":"https:\/\/www.caririemacao.com\/1\/wp-json\/wp\/v2\/posts\/96623\/revisions\/96625"}],"wp:featuredmedia":[{"embeddable":true,"href":"https:\/\/www.caririemacao.com\/1\/wp-json\/wp\/v2\/media\/96624"}],"wp:attachment":[{"href":"https:\/\/www.caririemacao.com\/1\/wp-json\/wp\/v2\/media?parent=96623"}],"wp:term":[{"taxonomy":"category","embeddable":true,"href":"https:\/\/www.caririemacao.com\/1\/wp-json\/wp\/v2\/categories?post=96623"},{"taxonomy":"post_tag","embeddable":true,"href":"https:\/\/www.caririemacao.com\/1\/wp-json\/wp\/v2\/tags?post=96623"}],"curies":[{"name":"wp","href":"https:\/\/api.w.org\/{rel}","templated":true}]}}