{"id":96626,"date":"2019-05-27T11:51:21","date_gmt":"2019-05-27T14:51:21","guid":{"rendered":"http:\/\/www.caririemacao.com\/1\/?p=96626"},"modified":"2019-05-27T11:51:21","modified_gmt":"2019-05-27T14:51:21","slug":"saude-confirma-sexto-caso-de-malaria-e-alerta-populacao-da-paraiba","status":"publish","type":"post","link":"https:\/\/www.caririemacao.com\/1\/2019\/05\/27\/saude-confirma-sexto-caso-de-malaria-e-alerta-populacao-da-paraiba\/","title":{"rendered":"Sa\u00fade confirma sexto caso de mal\u00e1ria e alerta popula\u00e7\u00e3o da Para\u00edba"},"content":{"rendered":"\n<p>a de Estado da Sa\u00fade (SES) confirmou, no s\u00e1bado (25), o sexto caso de mal\u00e1ria. A paciente, moradora do munic\u00edpio de Jo\u00e3o Pessoa, tinha hist\u00f3rico de ida ao munic\u00edpio de Conde nos \u00faltimos 30 dias e apresentava sintomas sugestivos da doen\u00e7a.<\/p>\n\n\n\n<p>Ap\u00f3s a realiza\u00e7\u00e3o do teste r\u00e1pido com resultado positivo, ela foi transferida para a unidade assistencial de refer\u00eancia, o Hospital Universit\u00e1rio Lauro Wanderley (HU), e teve a medica\u00e7\u00e3o iniciada.<\/p>\n\n\n\n<p>A gerente executiva de Vigil\u00e2ncia em Sa\u00fade da SES, Talita Tavares, pontua que a secretaria vem trabalhando junto aos profissionais do munic\u00edpio de Conde e do Minist\u00e9rio da Sa\u00fade (EpiSUS), desde o primeiro caso notificado, para implementa\u00e7\u00e3o de medidas de vigil\u00e2ncia da doen\u00e7a que oportunize a identifica\u00e7\u00e3o dos casos nos primeiros dias com o objetivo de interromper a transmiss\u00e3o.<\/p>\n\n\n\n<figure class=\"wp-block-image\"><img decoding=\"async\" data-src=\"https:\/\/paraibaonline.com.br\/wp-content\/uploads\/2019\/05\/malaria2705.jpg\" alt=\"Foto: Reprodu\u00e7\u00e3o\" class=\"wp-image-739928 lazyload\" src=\"data:image\/svg+xml;base64,PHN2ZyB3aWR0aD0iMSIgaGVpZ2h0PSIxIiB4bWxucz0iaHR0cDovL3d3dy53My5vcmcvMjAwMC9zdmciPjwvc3ZnPg==\" \/><\/figure>\n\n\n\n<p>Foto: Reprodu\u00e7\u00e3o<\/p>\n\n\n\n<p>\u201cAl\u00e9m disso, estamos executando a\u00e7\u00f5es de controle vetorial e entomol\u00f3gico, utilizando oportunamente inseticida intradomiciliar em todos os casos confirmados. Realizamos tamb\u00e9m v\u00e1rios ciclos do UBV pesado, que \u00e9 o carro fumac\u00ea, em todo o munic\u00edpio para redu\u00e7\u00e3o da densidade populacional do mosquito Anopheles\u201d, afirma.<\/p>\n\n\n\n<p>Talita observa que, mesmo com a execu\u00e7\u00e3o de todas essas a\u00e7\u00f5es, um dos pontos mais importantes para interromper o ciclo da doen\u00e7a \u00e9 a ida ao servi\u00e7o de sa\u00fade daquela pessoa que reside no Conde ou que esteve na cidade no per\u00edodo de 8 a 30 dias anterior \u00e0 data dos primeiros sintomas.<\/p>\n\n\n\n<p>\u201cSe a pessoa sentiu febre, acompanhada ou n\u00e3o de cefaleia, n\u00e1useas, fadiga, anorexia, calafrios, sudorese, cansa\u00e7o, mialgia e tremores, deve realizar o teste r\u00e1pido e\/ou Exame Gota Espessa para mal\u00e1ria e, se positivo, iniciar a medica\u00e7\u00e3o de imediato. A medica\u00e7\u00e3o \u00e9 gratuita e disponibilizada pelo Minist\u00e9rio da Sa\u00fade por meio da Secretaria de Estado da Sa\u00fade\u201d, alerta.<\/p>\n\n\n\n<p>No intuito de descentralizar o atendimento, a SES realizou uma capacita\u00e7\u00e3o de coleta da l\u00e2mina de Gota Espessa para profissionais de equipamentos hospitalares do munic\u00edpio de Jo\u00e3o Pessoa e regi\u00e3o. A qualifica\u00e7\u00e3o aconteceu em abril e foi ministrada pelo Laborat\u00f3rio Central de Sa\u00fade P\u00fablica da Para\u00edba (Lacen-PB).<\/p>\n\n\n\n<p>Talita afirma que \u00e9 importante lembrar que na aus\u00eancia de testes r\u00e1pidos o exame de Gota Espessa deve ser coletado e enviado ao Lacen-PB para leitura. N\u00e3o existe exame na rede privada para diagn\u00f3stico de Mal\u00e1ria.<\/p>\n\n\n\n<p>\u201cQuando um equipamento hospitalar, p\u00fablico ou privado, suspeitar que o usu\u00e1rio esteja com mal\u00e1ria e n\u00e3o tiver o teste r\u00e1pido ou profissional capacitado para coletar o exame de Gota Espessa, a unidade dever\u00e1 acionar a vigil\u00e2ncia epidemiol\u00f3gica municipal para que assim seja disponibilizado um profissional do Estado capacitado para coleta do exame e envio ao Lacen-PB\u201d, recomenda.<\/p>\n\n\n\n<p>O munic\u00edpio de Conde caracteriza-se hoje com risco potencial de transmiss\u00e3o da doen\u00e7a, cabendo a todos os usu\u00e1rios e visitantes a tomada de medidas de preven\u00e7\u00e3o contra picada de mosquitos como: o uso de cal\u00e7as e camisas de manga longa e de cor clara, uso de repelentes, evitar locais pr\u00f3ximos a criadouros naturais dos mosquitos (beira de rios e lagos, \u00e1reas alagadas ou cole\u00e7\u00f5es h\u00eddricas, regi\u00e3o de mata nativa), principalmente nos hor\u00e1rios da manh\u00e3 e ao entardecer, por serem os per\u00edodos do dia de maior atividade dos vetores da doen\u00e7a, entre 17h e 6h, uso de telas protetoras nas portas e janelas e o uso de mosquiteiros.<\/p>\n","protected":false},"excerpt":{"rendered":"<p>a de Estado da Sa\u00fade (SES) confirmou, no s\u00e1bado (25), o sexto caso de mal\u00e1ria. A paciente, moradora do munic\u00edpio de Jo\u00e3o Pessoa, tinha hist\u00f3rico&hellip; <\/p>\n","protected":false},"author":1,"featured_media":90733,"comment_status":"closed","ping_status":"closed","sticky":false,"template":"","format":"standard","meta":{"sfsi_plus_gutenberg_text_before_share":"","sfsi_plus_gutenberg_show_text_before_share":"","sfsi_plus_gutenberg_icon_type":"","sfsi_plus_gutenberg_icon_alignemt":"","sfsi_plus_gutenburg_max_per_row":"","footnotes":""},"categories":[16],"tags":[],"class_list":["post-96626","post","type-post","status-publish","format-standard","has-post-thumbnail","hentry","category-saude"],"_links":{"self":[{"href":"https:\/\/www.caririemacao.com\/1\/wp-json\/wp\/v2\/posts\/96626","targetHints":{"allow":["GET"]}}],"collection":[{"href":"https:\/\/www.caririemacao.com\/1\/wp-json\/wp\/v2\/posts"}],"about":[{"href":"https:\/\/www.caririemacao.com\/1\/wp-json\/wp\/v2\/types\/post"}],"author":[{"embeddable":true,"href":"https:\/\/www.caririemacao.com\/1\/wp-json\/wp\/v2\/users\/1"}],"replies":[{"embeddable":true,"href":"https:\/\/www.caririemacao.com\/1\/wp-json\/wp\/v2\/comments?post=96626"}],"version-history":[{"count":1,"href":"https:\/\/www.caririemacao.com\/1\/wp-json\/wp\/v2\/posts\/96626\/revisions"}],"predecessor-version":[{"id":96627,"href":"https:\/\/www.caririemacao.com\/1\/wp-json\/wp\/v2\/posts\/96626\/revisions\/96627"}],"wp:featuredmedia":[{"embeddable":true,"href":"https:\/\/www.caririemacao.com\/1\/wp-json\/wp\/v2\/media\/90733"}],"wp:attachment":[{"href":"https:\/\/www.caririemacao.com\/1\/wp-json\/wp\/v2\/media?parent=96626"}],"wp:term":[{"taxonomy":"category","embeddable":true,"href":"https:\/\/www.caririemacao.com\/1\/wp-json\/wp\/v2\/categories?post=96626"},{"taxonomy":"post_tag","embeddable":true,"href":"https:\/\/www.caririemacao.com\/1\/wp-json\/wp\/v2\/tags?post=96626"}],"curies":[{"name":"wp","href":"https:\/\/api.w.org\/{rel}","templated":true}]}}