{"id":96629,"date":"2019-05-27T11:55:54","date_gmt":"2019-05-27T14:55:54","guid":{"rendered":"http:\/\/www.caririemacao.com\/1\/?p=96629"},"modified":"2019-05-27T11:55:54","modified_gmt":"2019-05-27T14:55:54","slug":"prefeito-sandro-moco-faz-mutirao-de-limpeza-no-alto-de-santo-antonio","status":"publish","type":"post","link":"https:\/\/www.caririemacao.com\/1\/2019\/05\/27\/prefeito-sandro-moco-faz-mutirao-de-limpeza-no-alto-de-santo-antonio\/","title":{"rendered":"Prefeito Sandro M\u00f4co faz mutir\u00e3o de limpeza no Alto de Santo Ant\u00f4nio"},"content":{"rendered":"\n<p>O prefeito Alexsandro Bezerra, o popular Sandro M\u00f4co, promoveu um grandioso mutir\u00e3o no Alto de Santo Ant\u00f4nio (X\u00eaxo).<\/p>\n\n\n\n<figure class=\"wp-block-image\"><img decoding=\"async\" data-src=\"http:\/\/www.camalaunoticias.com.br\/wp-content\/uploads\/2019\/05\/2f9a8c5c-5c3e-4f81-b801-a685f6ec8cf7-225x300.jpg\" alt=\"\" class=\"wp-image-12105 lazyload\" src=\"data:image\/svg+xml;base64,PHN2ZyB3aWR0aD0iMSIgaGVpZ2h0PSIxIiB4bWxucz0iaHR0cDovL3d3dy53My5vcmcvMjAwMC9zdmciPjwvc3ZnPg==\" style=\"--smush-placeholder-width: 225px; --smush-placeholder-aspect-ratio: 225\/300;\" \/><\/figure>\n\n\n\n<p>Por conta das fortes chuvas que ca\u00edram em toda regi\u00e3o do Cariri Paraibano, alguns trechos de algumas cidades foram mais afetadas, seja por conta do crescimento acelerado do matagal, seja por conta do excesso de lama que adv\u00e9m de terrenos baldios. E isso foi o que aconteceu no Alto de Santo de Ant\u00f4nio.<\/p>\n\n\n\n<figure class=\"wp-block-image\"><img decoding=\"async\" data-src=\"http:\/\/www.camalaunoticias.com.br\/wp-content\/uploads\/2019\/05\/7bd108b4-8057-4312-a810-160a348b2bca-225x300.jpg\" alt=\"\" class=\"wp-image-12106 lazyload\" src=\"data:image\/svg+xml;base64,PHN2ZyB3aWR0aD0iMSIgaGVpZ2h0PSIxIiB4bWxucz0iaHR0cDovL3d3dy53My5vcmcvMjAwMC9zdmciPjwvc3ZnPg==\" style=\"--smush-placeholder-width: 225px; --smush-placeholder-aspect-ratio: 225\/300;\" \/><\/figure>\n\n\n\n<p>O prefeito Sandro M\u00f4co preoucupado com esta situa\u00e7\u00e3o, promoveu um mutir\u00e3o, onde o mesmo esteve a frente da coordena\u00e7\u00e3o.<\/p>\n\n\n\n<p>O mutir\u00e3o foi feito com pessoas amigas da comunidade, que foram de forma volunt\u00e1ria. Quem esteve presente no mutir\u00e3o foi o vereador C\u00e9lio M\u00f4co.<\/p>\n","protected":false},"excerpt":{"rendered":"<p>O prefeito Alexsandro Bezerra, o popular Sandro M\u00f4co, promoveu um grandioso mutir\u00e3o no Alto de Santo Ant\u00f4nio (X\u00eaxo). Por conta das fortes chuvas que ca\u00edram&hellip; <\/p>\n","protected":false},"author":1,"featured_media":96630,"comment_status":"closed","ping_status":"closed","sticky":false,"template":"","format":"standard","meta":{"sfsi_plus_gutenberg_text_before_share":"","sfsi_plus_gutenberg_show_text_before_share":"","sfsi_plus_gutenberg_icon_type":"","sfsi_plus_gutenberg_icon_alignemt":"","sfsi_plus_gutenburg_max_per_row":"","footnotes":""},"categories":[6],"tags":[],"class_list":["post-96629","post","type-post","status-publish","format-standard","has-post-thumbnail","hentry","category-cidades"],"_links":{"self":[{"href":"https:\/\/www.caririemacao.com\/1\/wp-json\/wp\/v2\/posts\/96629","targetHints":{"allow":["GET"]}}],"collection":[{"href":"https:\/\/www.caririemacao.com\/1\/wp-json\/wp\/v2\/posts"}],"about":[{"href":"https:\/\/www.caririemacao.com\/1\/wp-json\/wp\/v2\/types\/post"}],"author":[{"embeddable":true,"href":"https:\/\/www.caririemacao.com\/1\/wp-json\/wp\/v2\/users\/1"}],"replies":[{"embeddable":true,"href":"https:\/\/www.caririemacao.com\/1\/wp-json\/wp\/v2\/comments?post=96629"}],"version-history":[{"count":1,"href":"https:\/\/www.caririemacao.com\/1\/wp-json\/wp\/v2\/posts\/96629\/revisions"}],"predecessor-version":[{"id":96631,"href":"https:\/\/www.caririemacao.com\/1\/wp-json\/wp\/v2\/posts\/96629\/revisions\/96631"}],"wp:featuredmedia":[{"embeddable":true,"href":"https:\/\/www.caririemacao.com\/1\/wp-json\/wp\/v2\/media\/96630"}],"wp:attachment":[{"href":"https:\/\/www.caririemacao.com\/1\/wp-json\/wp\/v2\/media?parent=96629"}],"wp:term":[{"taxonomy":"category","embeddable":true,"href":"https:\/\/www.caririemacao.com\/1\/wp-json\/wp\/v2\/categories?post=96629"},{"taxonomy":"post_tag","embeddable":true,"href":"https:\/\/www.caririemacao.com\/1\/wp-json\/wp\/v2\/tags?post=96629"}],"curies":[{"name":"wp","href":"https:\/\/api.w.org\/{rel}","templated":true}]}}