{"id":96634,"date":"2019-05-27T12:03:29","date_gmt":"2019-05-27T15:03:29","guid":{"rendered":"http:\/\/www.caririemacao.com\/1\/?p=96634"},"modified":"2019-05-27T12:03:29","modified_gmt":"2019-05-27T15:03:29","slug":"cubanos-sairam-e-42-das-cidades-estao-sem-medico","status":"publish","type":"post","link":"https:\/\/www.caririemacao.com\/1\/2019\/05\/27\/cubanos-sairam-e-42-das-cidades-estao-sem-medico\/","title":{"rendered":"Cubanos sa\u00edram e 42% das cidades est\u00e3o sem m\u00e9dico"},"content":{"rendered":"\n<p>Seis meses ap\u00f3s o governo de Cuba anunciar sua sa\u00edda do Mais M\u00e9dicos , quatro em cada dez cidades brasileiras (42%) onde profissionais do pa\u00eds atuavam no momento do encerramento da parceria ainda n\u00e3o conseguiram preencher todas as vagas ofertadas no programa. O d\u00e9ficit de m\u00e9dicos nessas 2.853 cidades cresceu. Antes da sa\u00edda dos cubanos, em outubro, 23% desses munic\u00edpios tinham postos em aberto, em decorr\u00eancia da desist\u00eancia de brasileiros ou da n\u00e3o renova\u00e7\u00e3o de contratos com dura\u00e7\u00e3o de tr\u00eas anos.<\/p>\n\n\n\n<p>O levantamento do GLOBO comparou dados do Mais M\u00e9dicos de novembro, quando houve a sa\u00edda dos cubanos, e do fim de abril deste ano, considerando o total de 18.240 vagas do programa, com base em pedidos de acesso \u00e0 informa\u00e7\u00e3o respondidos pelo Minist\u00e9rio da Sa\u00fade<\/p>\n\n\n\n<p>Os munic\u00edpios que abrigaram os profissionais estrangeiros concentram hoje 80% do d\u00e9ficit registrado no programa. A maior parte est\u00e1 nas regi\u00f5es Nordeste (38%) e Sudeste (24%). Entre os estados, a Bahia lidera o ranking com maior n\u00famero de vagas desocupadas (eram 132 em abril), seguida por S\u00e3o Paulo (131) e Minas Gerais (103). (\u2026)<\/p>\n","protected":false},"excerpt":{"rendered":"<p>Seis meses ap\u00f3s o governo de Cuba anunciar sua sa\u00edda do Mais M\u00e9dicos , quatro em cada dez cidades brasileiras (42%) onde profissionais do pa\u00eds&hellip; <\/p>\n","protected":false},"author":1,"featured_media":96635,"comment_status":"closed","ping_status":"closed","sticky":false,"template":"","format":"standard","meta":{"sfsi_plus_gutenberg_text_before_share":"","sfsi_plus_gutenberg_show_text_before_share":"","sfsi_plus_gutenberg_icon_type":"","sfsi_plus_gutenberg_icon_alignemt":"","sfsi_plus_gutenburg_max_per_row":"","footnotes":""},"categories":[2],"tags":[],"class_list":["post-96634","post","type-post","status-publish","format-standard","has-post-thumbnail","hentry","category-geral"],"_links":{"self":[{"href":"https:\/\/www.caririemacao.com\/1\/wp-json\/wp\/v2\/posts\/96634","targetHints":{"allow":["GET"]}}],"collection":[{"href":"https:\/\/www.caririemacao.com\/1\/wp-json\/wp\/v2\/posts"}],"about":[{"href":"https:\/\/www.caririemacao.com\/1\/wp-json\/wp\/v2\/types\/post"}],"author":[{"embeddable":true,"href":"https:\/\/www.caririemacao.com\/1\/wp-json\/wp\/v2\/users\/1"}],"replies":[{"embeddable":true,"href":"https:\/\/www.caririemacao.com\/1\/wp-json\/wp\/v2\/comments?post=96634"}],"version-history":[{"count":1,"href":"https:\/\/www.caririemacao.com\/1\/wp-json\/wp\/v2\/posts\/96634\/revisions"}],"predecessor-version":[{"id":96636,"href":"https:\/\/www.caririemacao.com\/1\/wp-json\/wp\/v2\/posts\/96634\/revisions\/96636"}],"wp:featuredmedia":[{"embeddable":true,"href":"https:\/\/www.caririemacao.com\/1\/wp-json\/wp\/v2\/media\/96635"}],"wp:attachment":[{"href":"https:\/\/www.caririemacao.com\/1\/wp-json\/wp\/v2\/media?parent=96634"}],"wp:term":[{"taxonomy":"category","embeddable":true,"href":"https:\/\/www.caririemacao.com\/1\/wp-json\/wp\/v2\/categories?post=96634"},{"taxonomy":"post_tag","embeddable":true,"href":"https:\/\/www.caririemacao.com\/1\/wp-json\/wp\/v2\/tags?post=96634"}],"curies":[{"name":"wp","href":"https:\/\/api.w.org\/{rel}","templated":true}]}}