{"id":96637,"date":"2019-05-27T12:12:35","date_gmt":"2019-05-27T15:12:35","guid":{"rendered":"http:\/\/www.caririemacao.com\/1\/?p=96637"},"modified":"2019-05-27T12:12:35","modified_gmt":"2019-05-27T15:12:35","slug":"governo-prepara-megacompra-de-106-mil-armas-para-policias-e-forca-nacional","status":"publish","type":"post","link":"https:\/\/www.caririemacao.com\/1\/2019\/05\/27\/governo-prepara-megacompra-de-106-mil-armas-para-policias-e-forca-nacional\/","title":{"rendered":"Governo prepara megacompra de 106 mil armas para pol\u00edcias e For\u00e7a Nacional"},"content":{"rendered":"\n<p>BRAS\u00cdLIA \u2014 O&nbsp;<strong>Minist\u00e9rio da Justi\u00e7a e Seguran\u00e7a P\u00fablica<\/strong>prepara uma megalicita\u00e7\u00e3o para a aquisi\u00e7\u00e3o de&nbsp;<strong>106 mil pistolas<\/strong>&nbsp;, que ser\u00e3o distribu\u00eddas para a<strong>For\u00e7a Nacional<\/strong>&nbsp;e a&nbsp;<strong>policiais civis e militares<\/strong>&nbsp;dos estados. \u00c9 a primeira vez que o \u00f3rg\u00e3o promove uma licita\u00e7\u00e3o desse tipo, que prev\u00ea a participa\u00e7\u00e3o de empresas estrangeiras e tem custo estimado de R$ 444 milh\u00f5es. Parte das armas ser\u00e1 bancada pelo governo federal.<br><\/p>\n\n\n\n<p>A Secretaria Nacional de Seguran\u00e7a P\u00fablica (Senasp), \u00f3rg\u00e3o subordinado \u00e0 pasta, ir\u00e1 comprar 15% das pistolas para abastecer 15 Pol\u00edcias Militares, dez Pol\u00edcias Civis, 16 \u00f3rg\u00e3os de per\u00edcia oficiais e a For\u00e7a Nacional. O Rio de Janeiro n\u00e3o est\u00e1 contemplado nessa cota.<\/p>\n\n\n\n<p>A licita\u00e7\u00e3o foi facilitada pelo decreto de armas editado pelo presidente Jair Bolsonaro, que abriu o mercado para importa\u00e7\u00e3o. Antes, era preciso obter autoriza\u00e7\u00e3o do Ex\u00e9rcito para comprar armas fabricadas fora do pa\u00eds. Alguns itens previstos no edital preliminar ainda podem causar pol\u00eamicas.<\/p>\n","protected":false},"excerpt":{"rendered":"<p>BRAS\u00cdLIA \u2014 O&nbsp;Minist\u00e9rio da Justi\u00e7a e Seguran\u00e7a P\u00fablicaprepara uma megalicita\u00e7\u00e3o para a aquisi\u00e7\u00e3o de&nbsp;106 mil pistolas&nbsp;, que ser\u00e3o distribu\u00eddas para aFor\u00e7a Nacional&nbsp;e a&nbsp;policiais civis e&hellip; <\/p>\n","protected":false},"author":1,"featured_media":96638,"comment_status":"closed","ping_status":"closed","sticky":false,"template":"","format":"standard","meta":{"sfsi_plus_gutenberg_text_before_share":"","sfsi_plus_gutenberg_show_text_before_share":"","sfsi_plus_gutenberg_icon_type":"","sfsi_plus_gutenberg_icon_alignemt":"","sfsi_plus_gutenburg_max_per_row":"","footnotes":""},"categories":[11],"tags":[],"class_list":["post-96637","post","type-post","status-publish","format-standard","has-post-thumbnail","hentry","category-politica"],"_links":{"self":[{"href":"https:\/\/www.caririemacao.com\/1\/wp-json\/wp\/v2\/posts\/96637","targetHints":{"allow":["GET"]}}],"collection":[{"href":"https:\/\/www.caririemacao.com\/1\/wp-json\/wp\/v2\/posts"}],"about":[{"href":"https:\/\/www.caririemacao.com\/1\/wp-json\/wp\/v2\/types\/post"}],"author":[{"embeddable":true,"href":"https:\/\/www.caririemacao.com\/1\/wp-json\/wp\/v2\/users\/1"}],"replies":[{"embeddable":true,"href":"https:\/\/www.caririemacao.com\/1\/wp-json\/wp\/v2\/comments?post=96637"}],"version-history":[{"count":1,"href":"https:\/\/www.caririemacao.com\/1\/wp-json\/wp\/v2\/posts\/96637\/revisions"}],"predecessor-version":[{"id":96639,"href":"https:\/\/www.caririemacao.com\/1\/wp-json\/wp\/v2\/posts\/96637\/revisions\/96639"}],"wp:featuredmedia":[{"embeddable":true,"href":"https:\/\/www.caririemacao.com\/1\/wp-json\/wp\/v2\/media\/96638"}],"wp:attachment":[{"href":"https:\/\/www.caririemacao.com\/1\/wp-json\/wp\/v2\/media?parent=96637"}],"wp:term":[{"taxonomy":"category","embeddable":true,"href":"https:\/\/www.caririemacao.com\/1\/wp-json\/wp\/v2\/categories?post=96637"},{"taxonomy":"post_tag","embeddable":true,"href":"https:\/\/www.caririemacao.com\/1\/wp-json\/wp\/v2\/tags?post=96637"}],"curies":[{"name":"wp","href":"https:\/\/api.w.org\/{rel}","templated":true}]}}