{"id":96650,"date":"2019-05-27T12:46:23","date_gmt":"2019-05-27T15:46:23","guid":{"rendered":"http:\/\/www.caririemacao.com\/1\/?p=96650"},"modified":"2019-05-27T12:46:23","modified_gmt":"2019-05-27T15:46:23","slug":"stf-avalia-dividir-fundo-bilionario-da-petrobras-com-outras-areas-alem-da-educacao","status":"publish","type":"post","link":"https:\/\/www.caririemacao.com\/1\/2019\/05\/27\/stf-avalia-dividir-fundo-bilionario-da-petrobras-com-outras-areas-alem-da-educacao\/","title":{"rendered":"STF avalia dividir fundo bilion\u00e1rio da Petrobras com outras \u00e1reas al\u00e9m da Educa\u00e7\u00e3o"},"content":{"rendered":"\n<p>Os mais de R$ 2,5 bilh\u00f5es que a Petrobras dever\u00e1 aplicar no Brasil como repara\u00e7\u00e3o por fraudes na estatal ter\u00e3o uma parcela destinada para a Educa\u00e7\u00e3o, segundo fontes do Supremo Tribunal Federal (STF).<\/p>\n\n\n\n<p>Conforme o blog apurou, no entanto, nem toda a quantia dever\u00e1 ser destinada para a pasta. O recurso tamb\u00e9m deve ser dividido entre sa\u00fade e seguran\u00e7a, indicam t\u00e9cnicos que estudam o caso.<\/p>\n\n\n\n<p>Na semana passada, durante caf\u00e9 com jornalistas, o presidente Jair Bolsonaro reafirmou contar com o dinheiro da multa para contrapor o corte na educa\u00e7\u00e3o.<\/p>\n\n\n\n<p>O governo tem a inten\u00e7\u00e3o de destinar \u201cgrande parte ou todo o valor da multa da Petrobras acordada com a Lava Jato ao Minist\u00e9rio da Educa\u00e7\u00e3o\u201d, como tamb\u00e9m declarou o presidente em uma rede social.<\/p>\n\n\n\n<p>Mas o STF pode decidir pela divis\u00e3o deste valor, segundo fontes da Corte. O relator do caso \u00e9 o ministro Alexandre de Moraes.<\/p>\n\n\n\n<p><strong>Acordo para devolver US$ 853 milh\u00f5es<\/strong><\/p>\n\n\n\n<p>A Petrobras fechou acordo com as autoridades norte-americanas para devolu\u00e7\u00e3o aos investidores de US$ 853 milh\u00f5es como repara\u00e7\u00e3o por fraudes na estatal. Esse acordo prev\u00ea aplica\u00e7\u00e3o de US$ 682 milh\u00f5es no Brasil \u2014 o valor foi convertido em real e depositado em uma conta judicial, mas est\u00e1 bloqueado.<\/p>\n\n\n\n<p>Ap\u00f3s o acordo nos Estados Unidos, a For\u00e7a Tarefa da Lava Jato do Minist\u00e9rio P\u00fablico Federal (MPF) no Paran\u00e1 fechou outro compromisso com a Petrobras para definir a forma de aplica\u00e7\u00e3o dos valores.<\/p>\n\n\n\n<p>Pelo texto, metade do valor (cerca de R$ 1,25 bilh\u00e3o) seria aplicado em um fundo patrimonial a ser gerido por uma funda\u00e7\u00e3o privada para distribuir os rendimentos a projetos de combate \u00e0 corrup\u00e7\u00e3o e promo\u00e7\u00e3o da cidadania e da integridade.<\/p>\n\n\n\n<p><strong>STF decidir\u00e1 sobre uso do dinheiro<\/strong><\/p>\n\n\n\n<p>Embora a For\u00e7a Tarefa tenha voltado atr\u00e1s sobre o fundo privado ap\u00f3s cr\u00edticas, o acordo entre a estatal e o MPF foi totalmente suspenso por decis\u00e3o do ministro Alexandre de Moraes, do STF. Agora, o Supremo vai decidir como o dinheiro ser\u00e1 utilizado.<\/p>\n\n\n\n<p>O ministro Paulo Guedes, da Economia, j\u00e1 defendeu o uso exclusivo para educa\u00e7\u00e3o. O ministro da Justi\u00e7a, S\u00e9rgio Moro, sugeriu que os valores sejam destinados ao Fundo Penitenci\u00e1rio (Funpen). A Advocacia Geral da Uni\u00e3o (AGU) fez proposta ao Supremo para melhoria do sistema prisional.<\/p>\n\n\n\n<p>A procuradora-geral da Rep\u00fablica, Raquel Dodge, apontou a necessidade de investir em educa\u00e7\u00e3o, mas ainda n\u00e3o opinou formalmente sobre a destina\u00e7\u00e3o dos valores.<\/p>\n\n\n\n<p>Atualmente, a equipe do ministro Alexandre de Moraes analisa as possibilidades e aguarda estudos de viabilidade or\u00e7ament\u00e1ria.<\/p>\n\n\n\n<p>Se houver acordo no governo federal sobre a aplica\u00e7\u00e3o do dinheiro, o ministro Moraes poder\u00e1 decidir sozinho sobre a destina\u00e7\u00e3o dos recursos do fundo bilion\u00e1rio. Se cada ramo do governo pedir uma destina\u00e7\u00e3o, \u00e9 poss\u00edvel que uma decis\u00e3o final caiba ao plen\u00e1rio do STF.<\/p>\n","protected":false},"excerpt":{"rendered":"<p>Os mais de R$ 2,5 bilh\u00f5es que a Petrobras dever\u00e1 aplicar no Brasil como repara\u00e7\u00e3o por fraudes na estatal ter\u00e3o uma parcela destinada para a&hellip; <\/p>\n","protected":false},"author":1,"featured_media":96651,"comment_status":"closed","ping_status":"closed","sticky":false,"template":"","format":"standard","meta":{"sfsi_plus_gutenberg_text_before_share":"","sfsi_plus_gutenberg_show_text_before_share":"","sfsi_plus_gutenberg_icon_type":"","sfsi_plus_gutenberg_icon_alignemt":"","sfsi_plus_gutenburg_max_per_row":"","footnotes":""},"categories":[11],"tags":[],"class_list":["post-96650","post","type-post","status-publish","format-standard","has-post-thumbnail","hentry","category-politica"],"_links":{"self":[{"href":"https:\/\/www.caririemacao.com\/1\/wp-json\/wp\/v2\/posts\/96650","targetHints":{"allow":["GET"]}}],"collection":[{"href":"https:\/\/www.caririemacao.com\/1\/wp-json\/wp\/v2\/posts"}],"about":[{"href":"https:\/\/www.caririemacao.com\/1\/wp-json\/wp\/v2\/types\/post"}],"author":[{"embeddable":true,"href":"https:\/\/www.caririemacao.com\/1\/wp-json\/wp\/v2\/users\/1"}],"replies":[{"embeddable":true,"href":"https:\/\/www.caririemacao.com\/1\/wp-json\/wp\/v2\/comments?post=96650"}],"version-history":[{"count":1,"href":"https:\/\/www.caririemacao.com\/1\/wp-json\/wp\/v2\/posts\/96650\/revisions"}],"predecessor-version":[{"id":96652,"href":"https:\/\/www.caririemacao.com\/1\/wp-json\/wp\/v2\/posts\/96650\/revisions\/96652"}],"wp:featuredmedia":[{"embeddable":true,"href":"https:\/\/www.caririemacao.com\/1\/wp-json\/wp\/v2\/media\/96651"}],"wp:attachment":[{"href":"https:\/\/www.caririemacao.com\/1\/wp-json\/wp\/v2\/media?parent=96650"}],"wp:term":[{"taxonomy":"category","embeddable":true,"href":"https:\/\/www.caririemacao.com\/1\/wp-json\/wp\/v2\/categories?post=96650"},{"taxonomy":"post_tag","embeddable":true,"href":"https:\/\/www.caririemacao.com\/1\/wp-json\/wp\/v2\/tags?post=96650"}],"curies":[{"name":"wp","href":"https:\/\/api.w.org\/{rel}","templated":true}]}}