{"id":96653,"date":"2019-05-27T13:40:29","date_gmt":"2019-05-27T16:40:29","guid":{"rendered":"http:\/\/www.caririemacao.com\/1\/?p=96653"},"modified":"2019-05-27T13:40:29","modified_gmt":"2019-05-27T16:40:29","slug":"saiba-quais-sao-os-gastos-no-gabinete-do-deputado-federal-julian-lemos","status":"publish","type":"post","link":"https:\/\/www.caririemacao.com\/1\/2019\/05\/27\/saiba-quais-sao-os-gastos-no-gabinete-do-deputado-federal-julian-lemos\/","title":{"rendered":"Saiba quais s\u00e3o os gastos no gabinete do deputado federal Julian Lemos"},"content":{"rendered":"\n<p>Gulliem Charles Bezerra Lemos, natural de Campina Grande, \u00e9 um empres\u00e1rio e pol\u00edtico brasileiro, filiado ao PSL. Mais conhecido como Julian Lemos, foi eleito deputado federal pelo estado da Para\u00edba nas elei\u00e7\u00f5es de 2018, obtendo 71.899 votos e ficando na 10\u00b0 posi\u00e7\u00e3o.Com o sal\u00e1rio atual no valor de R$ 33.763,00. A remunera\u00e7\u00e3o mensal leva em conta o comparecimento \u00e0s sess\u00f5es deliberativas do Plen\u00e1rio. Aus\u00eancia n\u00e3o justificada leva a desconto no sal\u00e1rio.<\/p>\n\n\n\n<p><strong>VERBAS<\/strong><\/p>\n\n\n\n<p>\u00c9 disponibilizado, mensalmente, o valor de R$ 111.675,59 a cada deputado para o pagamento dos sal\u00e1rios das equipe de gabinete, que pode ter at\u00e9 25 secret\u00e1rios parlamentares, esses trabalham para o mandato em Bras\u00edlia e nos estados em que reside. Os secret\u00e1rios s\u00e3o contratados diretamente pelos deputados, e recebem sal\u00e1rios que variam de R$ 1.025,12 a R$ 15.698,32.<\/p>\n\n\n\n<p>O gabinete do deputado federal, Julian Lemos \u00e9 composto por 20 secret\u00e1rios parlamentares em exerc\u00edcio, que se dividem entre Bras\u00edlia e Jo\u00e3o Pessoa. O menor sal\u00e1rio \u00e9 de R$ 1,093.46 e o maior \u00e9 de&nbsp; R$ 15,698.32.<\/p>\n\n\n\n<p>Em 2019, o deputado Julian Lemos j\u00e1 obteve um gasto de R$ 138.310,80 com verbas de gabinete.<\/p>\n\n\n\n<figure class=\"wp-block-image\"><a href=\"https:\/\/i0.wp.com\/www.polemicaparaiba.com.br\/wp-content\/uploads\/2019\/05\/Julian.jpg?ssl=1\"><img decoding=\"async\" data-src=\"https:\/\/i0.wp.com\/www.polemicaparaiba.com.br\/wp-content\/uploads\/2019\/05\/Julian.jpg?resize=536%2C275&amp;ssl=1\" alt=\"Julian 300x154 - GABINETE DO DIA: Saiba quais s\u00e3o os gastos do deputado federal Julian Lemos\" class=\"wp-image-441482 lazyload\" src=\"data:image\/svg+xml;base64,PHN2ZyB3aWR0aD0iMSIgaGVpZ2h0PSIxIiB4bWxucz0iaHR0cDovL3d3dy53My5vcmcvMjAwMC9zdmciPjwvc3ZnPg==\" \/><\/a><\/figure>\n\n\n\n<p><strong>COTAS<\/strong><\/p>\n\n\n\n<p>A Cota&nbsp;para o Exerc\u00edcio da Atividade Parlamentar (CEAP) custeia as despesas do mandato, como passagens a\u00e9reas e conta de celular. Algumas s\u00e3o reembolsadas, como as com os Correios, e outras s\u00e3o pagas por d\u00e9bito autom\u00e1tico, como a compra de passagens.<\/p>\n\n\n\n<p>Julian Lemos em 2019, j\u00e1 gastou um total de R$ 106.090,27 com cotas:<\/p>\n\n\n\n<p>\u00b7&nbsp;&nbsp;&nbsp;&nbsp;&nbsp;&nbsp;&nbsp;&nbsp; Consultorias Pesquisas e Trabalhos&nbsp;T\u00e9cnicos&nbsp;R$ 24.000,00&nbsp;(22,62%)<\/p>\n\n\n\n<p>\u00b7&nbsp;&nbsp;&nbsp;&nbsp;&nbsp;&nbsp;&nbsp;&nbsp; Divulga\u00e7\u00e3o da Atividade&nbsp;Parlamentar&nbsp;R$ 35.000,00&nbsp;(32,99%)<\/p>\n\n\n\n<p>\u00b7&nbsp;&nbsp;&nbsp;&nbsp;&nbsp;&nbsp;&nbsp;&nbsp; Emiss\u00e3o Bilhete&nbsp;A\u00e9reo&nbsp;R$ 24.700,20(23,28%)<\/p>\n\n\n\n<p>\u00b7&nbsp;&nbsp;&nbsp;&nbsp;&nbsp;&nbsp;&nbsp;&nbsp; Combust\u00edveis e&nbsp;Lubrificantes&nbsp;R$ 9.783,05&nbsp;(9,22%)<\/p>\n\n\n\n<p>\u00b7&nbsp;&nbsp;&nbsp;&nbsp;&nbsp;&nbsp;&nbsp;&nbsp; Loca\u00e7\u00e3o ou Fretamento de Ve\u00edculos&nbsp;Automotores&nbsp;R$ 8.500,00&nbsp;(8,01%)<\/p>\n\n\n\n<p>\u00b7&nbsp;&nbsp;&nbsp;&nbsp;&nbsp;&nbsp;&nbsp;&nbsp; Outros&nbsp;R$ 4.107,02(3,87%)<\/p>\n\n\n\n<p><strong>AUX\u00cdLIO-MORADIA<\/strong><\/p>\n\n\n\n<p>C\u00e2mara dos Deputados tem em Bras\u00edlia 432 apartamentos funcionais disponibilizados para os deputados federais. Caso n\u00e3o consigam ocupar os apartamentos, t\u00eam o direito de receber aux\u00edlio-moradia no valor de R$ 4.253,00.<\/p>\n\n\n\n<p>O aux\u00edlio-moradia pode ser pago diretamente em dinheiro, com desconto do Imposto de Renda na fonte; ou por reembolso, mediante a apresenta\u00e7\u00e3o de recibo de aluguel ou hotel. O reembolso \u00e9 isento de Imposto de Renda.<\/p>\n\n\n\n<p>Em&nbsp;2019, o deputado Julian Lemos teve um gasto de R$ 17.012,00 com aux\u00edlio-moradia, que foi feito atrav\u00e9s de ressarcimento por recibo.<\/p>\n\n\n\n<p>Todas as informa\u00e7\u00f5es sobre gastos parlamentares est\u00e3o dispon\u00edveis no site:&nbsp;<a href=\"https:\/\/www.camara.leg.br\/\">https:\/\/www.camara.leg.br<\/a><\/p>\n","protected":false},"excerpt":{"rendered":"<p>Gulliem Charles Bezerra Lemos, natural de Campina Grande, \u00e9 um empres\u00e1rio e pol\u00edtico brasileiro, filiado ao PSL. Mais conhecido como Julian Lemos, foi eleito deputado&hellip; <\/p>\n","protected":false},"author":1,"featured_media":96654,"comment_status":"closed","ping_status":"closed","sticky":false,"template":"","format":"standard","meta":{"sfsi_plus_gutenberg_text_before_share":"","sfsi_plus_gutenberg_show_text_before_share":"","sfsi_plus_gutenberg_icon_type":"","sfsi_plus_gutenberg_icon_alignemt":"","sfsi_plus_gutenburg_max_per_row":"","footnotes":""},"categories":[11],"tags":[],"class_list":["post-96653","post","type-post","status-publish","format-standard","has-post-thumbnail","hentry","category-politica"],"_links":{"self":[{"href":"https:\/\/www.caririemacao.com\/1\/wp-json\/wp\/v2\/posts\/96653","targetHints":{"allow":["GET"]}}],"collection":[{"href":"https:\/\/www.caririemacao.com\/1\/wp-json\/wp\/v2\/posts"}],"about":[{"href":"https:\/\/www.caririemacao.com\/1\/wp-json\/wp\/v2\/types\/post"}],"author":[{"embeddable":true,"href":"https:\/\/www.caririemacao.com\/1\/wp-json\/wp\/v2\/users\/1"}],"replies":[{"embeddable":true,"href":"https:\/\/www.caririemacao.com\/1\/wp-json\/wp\/v2\/comments?post=96653"}],"version-history":[{"count":1,"href":"https:\/\/www.caririemacao.com\/1\/wp-json\/wp\/v2\/posts\/96653\/revisions"}],"predecessor-version":[{"id":96655,"href":"https:\/\/www.caririemacao.com\/1\/wp-json\/wp\/v2\/posts\/96653\/revisions\/96655"}],"wp:featuredmedia":[{"embeddable":true,"href":"https:\/\/www.caririemacao.com\/1\/wp-json\/wp\/v2\/media\/96654"}],"wp:attachment":[{"href":"https:\/\/www.caririemacao.com\/1\/wp-json\/wp\/v2\/media?parent=96653"}],"wp:term":[{"taxonomy":"category","embeddable":true,"href":"https:\/\/www.caririemacao.com\/1\/wp-json\/wp\/v2\/categories?post=96653"},{"taxonomy":"post_tag","embeddable":true,"href":"https:\/\/www.caririemacao.com\/1\/wp-json\/wp\/v2\/tags?post=96653"}],"curies":[{"name":"wp","href":"https:\/\/api.w.org\/{rel}","templated":true}]}}