{"id":96656,"date":"2019-05-27T13:44:38","date_gmt":"2019-05-27T16:44:38","guid":{"rendered":"http:\/\/www.caririemacao.com\/1\/?p=96656"},"modified":"2019-05-27T13:44:38","modified_gmt":"2019-05-27T16:44:38","slug":"bolsonaro-volta-a-radicalizacao-e-contrata-proximo-capitulo-da-crise","status":"publish","type":"post","link":"https:\/\/www.caririemacao.com\/1\/2019\/05\/27\/bolsonaro-volta-a-radicalizacao-e-contrata-proximo-capitulo-da-crise\/","title":{"rendered":"Bolsonaro volta \u00e0 radicaliza\u00e7\u00e3o e contrata pr\u00f3ximo cap\u00edtulo da crise"},"content":{"rendered":"\n<p>IGOR GIELOW<br>FOLHAPRESS \u2013 A condu\u00e7\u00e3o ret\u00f3rica de Jair Bolsonaro (PSL) \u00e0 frente da Presid\u00eancia segue uma previsibilidade banal, como atestou seu comportamento ao longo do domingo (26).<\/p>\n\n\n\n<p>Primeiro, ele deu as senhas para as manifesta\u00e7\u00f5es convocadas por sua milit\u00e2ncia virtual ao endossar um texto que via na dita \u201cvelha pol\u00edtica\u201d a origem de todos os males que o impedem de revolucionar a vida brasileira. Depois, dada a rea\u00e7\u00e3o dentro (militares) e fora (praticamente todos os atores pol\u00edticos) do governo, Bolsonaro voltou atr\u00e1s e pediu comedimento.<\/p>\n\n\n\n<p>Quando surgiram as primeiras imagens de gente na rua em apoio a qualquer coisa associada ao governo, incluindo a\u00ed ataques ao Congresso e ao Supremo Tribunal Federal, Bolsonaro passou a alimentar suas redes sociais com a celebra\u00e7\u00e3o da manifesta\u00e7\u00e3o. Algu\u00e9m poder\u00e1 argumentar que foi o filho vereador, Carlos, o respons\u00e1vel pela t\u00e1tica, mas o fato \u00e9 que n\u00e3o faz diferen\u00e7a a essa altura do campeonato.<\/p>\n\n\n\n<p>Se n\u00e3o \u201clacrou\u201d, para ficar na novil\u00edngua virtual em vigor, ao menos surfou nos atos que foram conclamados por ele e sua claque. Nesse sentido, a espontaneidade proclamada pelo presidente n\u00e3o \u00e9 nada mais do que uma empulha\u00e7\u00e3o, assim como foram os movimentos supostamente racionais ao longo da semana passada.<\/p>\n\n\n\n<p>Como o bom senso sugeria, houve bastante gente na rua, mas nenhum tsunami inesperado. Nem tampouco houve o fracasso que a torcida \u00e0 esquerda previa. O presidente ficou no meio-termo, curiosamente neste ponto muito semelhante ao apoio org\u00e2nico dado ao PT -algo como um ter\u00e7o do eleitorado, conforme indicam as pesquisas eleitorais neste ponto.<\/p>\n\n\n\n<p>Assim, n\u00e3o houve nada que assustasse o Congresso como o ato em defesa da educa\u00e7\u00e3o da semana retrasada -cujo poderio ainda precisa ser avaliado, pois se refluir a um ambiente esquerdista, tender\u00e1 a dissolver enquanto for\u00e7a de press\u00e3o. O Brasil de 2019 \u00e9 um pa\u00eds \u00e0 direita.<\/p>\n\n\n\n<p>Por outro lado, o apoio e o tom em v\u00e1rios pontos do pa\u00eds, de confronto e radicaliza\u00e7\u00e3o, d\u00e3o a senha para a contrata\u00e7\u00e3o das pr\u00f3ximas crises do governo. Como n\u00e3o tem uma base organizada, o governo ver\u00e1 o Congresso reagir \u00e0 ret\u00f3rica das manifesta\u00e7\u00f5es ditas espont\u00e2neas. Parlamentar tem medo de rua, mas \u00e9 poss\u00edvel argumentar que elas est\u00e3o longe de falar uma \u00fanica l\u00edngua. O fracasso do PT em defender Dilma Rousseff em 2015-16, apesar de toda a \u201cexpertise\u201d de protestos, \u00e9 um lembrete \u00fatil ao bolsonarismo.<\/p>\n\n\n\n<p>A eventual aprova\u00e7\u00e3o da reforma da Previd\u00eancia, pauta inclu\u00edda entre tantas outras nos protestos deste domingo, n\u00e3o poder\u00e1 nesse sentido ser colocada na conta dos efeitos de uma press\u00e3o popular. At\u00e9 porque ela est\u00e1 longe de ser uma bandeira popular.<\/p>\n\n\n\n<p>No Judici\u00e1rio, engana-se quem acha que o Supremo n\u00e3o cerrar\u00e1 fileiras em torno da defesa da institui\u00e7\u00e3o. A movimenta\u00e7\u00e3o recente do presidente da corte, Dias Toffoli, indica uma interlocu\u00e7\u00e3o bastante efetiva com diversas inst\u00e2ncias do mundo pol\u00edtico. O presidente n\u00e3o ter\u00e1 vida f\u00e1cil.<\/p>\n\n\n\n<p>Desde o come\u00e7o do governo Bolsonaro, as alas mais pr\u00f3ximas do presidente no c\u00edrculo que se autointitula antiesablishment s\u00f3 procuram o confronto. Acreditam, de forma declarada, que \u00e9 preciso \u201cquebrar o sistema\u201d, seja l\u00e1 o que for isso, em nome da purifica\u00e7\u00e3o das pr\u00e1ticas pol\u00edticas do pa\u00eds. Historicamente, esse tipo de ruptura nunca d\u00e1 em coisa boa quando ocorre.<\/p>\n\n\n\n<p>Naquele n\u00facleo duro, o \u00fanico filho mais ponderado do presidente na pol\u00edtica, o senador Fl\u00e1vio, perdeu voz ao se ver envolvido na investiga\u00e7\u00e3o sobre mil\u00edcias do Rio de Janeiro. A radicaliza\u00e7\u00e3o da prole restante e do pai deram o tom do enfrentamento, que a esta altura s\u00f3 garantiu uma vit\u00f3ria: a da degrada\u00e7\u00e3o ainda maior do ambiente pol\u00edtico, com meros cinco meses de governo.&nbsp;<\/p>\n","protected":false},"excerpt":{"rendered":"<p>IGOR GIELOWFOLHAPRESS \u2013 A condu\u00e7\u00e3o ret\u00f3rica de Jair Bolsonaro (PSL) \u00e0 frente da Presid\u00eancia segue uma previsibilidade banal, como atestou seu comportamento ao longo do&hellip; <\/p>\n","protected":false},"author":1,"featured_media":96657,"comment_status":"closed","ping_status":"closed","sticky":false,"template":"","format":"standard","meta":{"sfsi_plus_gutenberg_text_before_share":"","sfsi_plus_gutenberg_show_text_before_share":"","sfsi_plus_gutenberg_icon_type":"","sfsi_plus_gutenberg_icon_alignemt":"","sfsi_plus_gutenburg_max_per_row":"","footnotes":""},"categories":[11],"tags":[],"class_list":["post-96656","post","type-post","status-publish","format-standard","has-post-thumbnail","hentry","category-politica"],"_links":{"self":[{"href":"https:\/\/www.caririemacao.com\/1\/wp-json\/wp\/v2\/posts\/96656","targetHints":{"allow":["GET"]}}],"collection":[{"href":"https:\/\/www.caririemacao.com\/1\/wp-json\/wp\/v2\/posts"}],"about":[{"href":"https:\/\/www.caririemacao.com\/1\/wp-json\/wp\/v2\/types\/post"}],"author":[{"embeddable":true,"href":"https:\/\/www.caririemacao.com\/1\/wp-json\/wp\/v2\/users\/1"}],"replies":[{"embeddable":true,"href":"https:\/\/www.caririemacao.com\/1\/wp-json\/wp\/v2\/comments?post=96656"}],"version-history":[{"count":1,"href":"https:\/\/www.caririemacao.com\/1\/wp-json\/wp\/v2\/posts\/96656\/revisions"}],"predecessor-version":[{"id":96658,"href":"https:\/\/www.caririemacao.com\/1\/wp-json\/wp\/v2\/posts\/96656\/revisions\/96658"}],"wp:featuredmedia":[{"embeddable":true,"href":"https:\/\/www.caririemacao.com\/1\/wp-json\/wp\/v2\/media\/96657"}],"wp:attachment":[{"href":"https:\/\/www.caririemacao.com\/1\/wp-json\/wp\/v2\/media?parent=96656"}],"wp:term":[{"taxonomy":"category","embeddable":true,"href":"https:\/\/www.caririemacao.com\/1\/wp-json\/wp\/v2\/categories?post=96656"},{"taxonomy":"post_tag","embeddable":true,"href":"https:\/\/www.caririemacao.com\/1\/wp-json\/wp\/v2\/tags?post=96656"}],"curies":[{"name":"wp","href":"https:\/\/api.w.org\/{rel}","templated":true}]}}