{"id":96662,"date":"2019-05-27T13:58:06","date_gmt":"2019-05-27T16:58:06","guid":{"rendered":"http:\/\/www.caririemacao.com\/1\/?p=96662"},"modified":"2019-05-27T13:58:06","modified_gmt":"2019-05-27T16:58:06","slug":"vereador-consegue-construcao-de-estrada-que-liga-malhada-de-roca-a-br-412","status":"publish","type":"post","link":"https:\/\/www.caririemacao.com\/1\/2019\/05\/27\/vereador-consegue-construcao-de-estrada-que-liga-malhada-de-roca-a-br-412\/","title":{"rendered":"Vereador consegue constru\u00e7\u00e3o de estrada que liga Malhada de Ro\u00e7a a BR-412"},"content":{"rendered":"\n<p>O Vereador George Aquino, de S\u00e3o Jo\u00e3o do Cariri, consegue atrav\u00e9s do Governador Jo\u00e3o Azevedo, a pavimenta\u00e7\u00e3o da estrada que liga o Distrito de Malhada de Ro\u00e7a a Br 412 (trecho de aproximadamente 3 Km).<\/p>\n\n\n\n<p>Com correspond\u00eancia enviada a C\u00e2mara Municipal e endere\u00e7ada ao Vereador George Aquino, assinada pelo Secret\u00e1rio Chefe de Gabinete do Governador, Ronaldo Guerra, e como tamb\u00e9m pelo Secret\u00e1rio de Infraestrutura e Recurso H\u00eddricos, Deusdete Queiroga, uma resposta de um requerimento do vereador onde pedia a constru\u00e7\u00e3o daquela importante estrada, sendo inclu\u00eddo como prioridade nos projetos a serem elaborados pelo Governo, atrav\u00e9s do Departamento de Estradas e Rodagens &#8211; DER.<\/p>\n\n\n\n<p>O vereador George Aquino, em tom emocionado, agradeceu a sensibilidade do governador, uma vez que isso era um sonho de todos do distrito de Malha de Ro\u00e7a e que agora ser\u00e1 realizado.<\/p>\n\n\n\n<p>O vereador afirma ainda que vinha tentado a muito tempo essa importante estrada, tirando do isolamento uma popula\u00e7\u00e3o de aproximadamente mil pessoas. \u201cPor isso que sempre falo vale a pena fazer a boa pol\u00edtica e com isso tenho certeza que Malhada de Ro\u00e7a jamais esquecer\u00e1 desta importante benfeitoria que tanto lutamos para conseguir\u201d, disse o vereador.<\/p>\n\n\n\n<p>\u201cAgrade\u00e7o primeiramente a Deus por apesar de tantas adversidade me dar for\u00e7as para trabalhar pelo povo de minha cidade e ao governador Jo\u00e3o Azevedo por atender esse meu pedido\u201d, finalizou. <\/p>\n\n\n\n<p>A Secretaria de Infraestrutura do Estado determinou ao DER a inclus\u00e3o desta estrada nas prioridades de projetos a serem elaborados pelo \u00f3rg\u00e3o, para que a pavimenta\u00e7\u00e3o asf\u00e1ltica seja feita.<\/p>\n\n\n\n<p>VEJA OFICIO ENCAMINHADO AO VEREADOR. <\/p>\n\n\n\n<figure class=\"wp-block-image\"><img fetchpriority=\"high\" decoding=\"async\" width=\"576\" height=\"1024\" src=\"http:\/\/www.caririemacao.com\/1\/wp-content\/uploads\/2019\/05\/WhatsApp-Image-2019-05-27-at-13.52.03-1-576x1024.jpeg\" alt=\"\" class=\"wp-image-96664\" srcset=\"https:\/\/www.caririemacao.com\/1\/wp-content\/uploads\/2019\/05\/WhatsApp-Image-2019-05-27-at-13.52.03-1-576x1024.jpeg 576w, https:\/\/www.caririemacao.com\/1\/wp-content\/uploads\/2019\/05\/WhatsApp-Image-2019-05-27-at-13.52.03-1-169x300.jpeg 169w, https:\/\/www.caririemacao.com\/1\/wp-content\/uploads\/2019\/05\/WhatsApp-Image-2019-05-27-at-13.52.03-1.jpeg 720w\" sizes=\"(max-width: 576px) 100vw, 576px\" \/><\/figure>\n","protected":false},"excerpt":{"rendered":"<p>O Vereador George Aquino, de S\u00e3o Jo\u00e3o do Cariri, consegue atrav\u00e9s do Governador Jo\u00e3o Azevedo, a pavimenta\u00e7\u00e3o da estrada que liga o Distrito de Malhada&hellip; <\/p>\n","protected":false},"author":2,"featured_media":96665,"comment_status":"closed","ping_status":"closed","sticky":false,"template":"","format":"standard","meta":{"sfsi_plus_gutenberg_text_before_share":"","sfsi_plus_gutenberg_show_text_before_share":"","sfsi_plus_gutenberg_icon_type":"","sfsi_plus_gutenberg_icon_alignemt":"","sfsi_plus_gutenburg_max_per_row":"","footnotes":""},"categories":[50,11],"tags":[],"class_list":["post-96662","post","type-post","status-publish","format-standard","has-post-thumbnail","hentry","category-destaque","category-politica"],"_links":{"self":[{"href":"https:\/\/www.caririemacao.com\/1\/wp-json\/wp\/v2\/posts\/96662","targetHints":{"allow":["GET"]}}],"collection":[{"href":"https:\/\/www.caririemacao.com\/1\/wp-json\/wp\/v2\/posts"}],"about":[{"href":"https:\/\/www.caririemacao.com\/1\/wp-json\/wp\/v2\/types\/post"}],"author":[{"embeddable":true,"href":"https:\/\/www.caririemacao.com\/1\/wp-json\/wp\/v2\/users\/2"}],"replies":[{"embeddable":true,"href":"https:\/\/www.caririemacao.com\/1\/wp-json\/wp\/v2\/comments?post=96662"}],"version-history":[{"count":1,"href":"https:\/\/www.caririemacao.com\/1\/wp-json\/wp\/v2\/posts\/96662\/revisions"}],"predecessor-version":[{"id":96666,"href":"https:\/\/www.caririemacao.com\/1\/wp-json\/wp\/v2\/posts\/96662\/revisions\/96666"}],"wp:featuredmedia":[{"embeddable":true,"href":"https:\/\/www.caririemacao.com\/1\/wp-json\/wp\/v2\/media\/96665"}],"wp:attachment":[{"href":"https:\/\/www.caririemacao.com\/1\/wp-json\/wp\/v2\/media?parent=96662"}],"wp:term":[{"taxonomy":"category","embeddable":true,"href":"https:\/\/www.caririemacao.com\/1\/wp-json\/wp\/v2\/categories?post=96662"},{"taxonomy":"post_tag","embeddable":true,"href":"https:\/\/www.caririemacao.com\/1\/wp-json\/wp\/v2\/tags?post=96662"}],"curies":[{"name":"wp","href":"https:\/\/api.w.org\/{rel}","templated":true}]}}