{"id":96667,"date":"2019-05-27T14:05:00","date_gmt":"2019-05-27T17:05:00","guid":{"rendered":"http:\/\/www.caririemacao.com\/1\/?p=96667"},"modified":"2019-05-27T14:05:00","modified_gmt":"2019-05-27T17:05:00","slug":"aviao-cai-com-cantor-gabriel-diniz-em-sergipe","status":"publish","type":"post","link":"https:\/\/www.caririemacao.com\/1\/2019\/05\/27\/aviao-cai-com-cantor-gabriel-diniz-em-sergipe\/","title":{"rendered":"Avi\u00e3o cai com cantor Gabriel Diniz em Sergipe"},"content":{"rendered":"\n<p>A assessoria do cantor Gabriel Diniz confirmou que o cantor estaria em uma aeraonave que caiu na manh\u00e3 desta segunda-feira em sergipe.&nbsp;<\/p>\n\n\n\n<p>Um morador da regi\u00e3o disse que muitas pessoas foram ao local da queda e teriam encontrado apenas destro\u00e7os da aeronave. N\u00e3o havia nenhuma v\u00edtima.<\/p>\n\n\n\n<p>A Defesa Civil do munic\u00edpio de Est\u00e2ncia, Corpo de Bombeiros e Grupamento T\u00e1tico A\u00e9reo foram acionados e est\u00e3o em deslocamento, a informa\u00e7\u00e3o \u00e9 de moradores que ouviram uma explos\u00e3o e depois destro\u00e7os foram vistos no ch\u00e3o, com roupas masculinas e femininas.<\/p>\n\n\n\n<p>A informa\u00e7\u00e3o \u00e9 que o avi\u00e3o ficou enterrado no mangue, local de dif\u00edcil acesso, chove forte na regi\u00e3o, o que dificulta ainda mais as buscas.<\/p>\n\n\n\n<p>O avi\u00e3o do cantor Gabriel Diniz, que estourou com a m\u00fasica Jenifer, caiu na manh\u00e3 desta segunda-feira (27). Ainda n\u00e3o h\u00e1 informa\u00e7\u00f5es sobre o estado de sa\u00fade do artista. <\/p>\n","protected":false},"excerpt":{"rendered":"<p>A assessoria do cantor Gabriel Diniz confirmou que o cantor estaria em uma aeraonave que caiu na manh\u00e3 desta segunda-feira em sergipe.&nbsp; Um morador da&hellip; <\/p>\n","protected":false},"author":2,"featured_media":96668,"comment_status":"closed","ping_status":"closed","sticky":false,"template":"","format":"standard","meta":{"sfsi_plus_gutenberg_text_before_share":"","sfsi_plus_gutenberg_show_text_before_share":"","sfsi_plus_gutenberg_icon_type":"","sfsi_plus_gutenberg_icon_alignemt":"","sfsi_plus_gutenburg_max_per_row":"","footnotes":""},"categories":[50,2],"tags":[],"class_list":["post-96667","post","type-post","status-publish","format-standard","has-post-thumbnail","hentry","category-destaque","category-geral"],"_links":{"self":[{"href":"https:\/\/www.caririemacao.com\/1\/wp-json\/wp\/v2\/posts\/96667","targetHints":{"allow":["GET"]}}],"collection":[{"href":"https:\/\/www.caririemacao.com\/1\/wp-json\/wp\/v2\/posts"}],"about":[{"href":"https:\/\/www.caririemacao.com\/1\/wp-json\/wp\/v2\/types\/post"}],"author":[{"embeddable":true,"href":"https:\/\/www.caririemacao.com\/1\/wp-json\/wp\/v2\/users\/2"}],"replies":[{"embeddable":true,"href":"https:\/\/www.caririemacao.com\/1\/wp-json\/wp\/v2\/comments?post=96667"}],"version-history":[{"count":1,"href":"https:\/\/www.caririemacao.com\/1\/wp-json\/wp\/v2\/posts\/96667\/revisions"}],"predecessor-version":[{"id":96669,"href":"https:\/\/www.caririemacao.com\/1\/wp-json\/wp\/v2\/posts\/96667\/revisions\/96669"}],"wp:featuredmedia":[{"embeddable":true,"href":"https:\/\/www.caririemacao.com\/1\/wp-json\/wp\/v2\/media\/96668"}],"wp:attachment":[{"href":"https:\/\/www.caririemacao.com\/1\/wp-json\/wp\/v2\/media?parent=96667"}],"wp:term":[{"taxonomy":"category","embeddable":true,"href":"https:\/\/www.caririemacao.com\/1\/wp-json\/wp\/v2\/categories?post=96667"},{"taxonomy":"post_tag","embeddable":true,"href":"https:\/\/www.caririemacao.com\/1\/wp-json\/wp\/v2\/tags?post=96667"}],"curies":[{"name":"wp","href":"https:\/\/api.w.org\/{rel}","templated":true}]}}