{"id":96673,"date":"2019-05-27T14:17:19","date_gmt":"2019-05-27T17:17:19","guid":{"rendered":"http:\/\/www.caririemacao.com\/1\/?p=96673"},"modified":"2019-05-27T14:17:19","modified_gmt":"2019-05-27T17:17:19","slug":"saude-na-escola-realiza-mais-uma-etapa-nas-escolas-da-rede-municipal-de-sume","status":"publish","type":"post","link":"https:\/\/www.caririemacao.com\/1\/2019\/05\/27\/saude-na-escola-realiza-mais-uma-etapa-nas-escolas-da-rede-municipal-de-sume\/","title":{"rendered":"Sa\u00fade na Escola realiza mais uma etapa nas escolas da rede municipal de Sum\u00e9"},"content":{"rendered":"\n<p>O Programa Sa\u00fade na Escola, implantado no munic\u00edpio desde 2011, tem sido de grande import\u00e2ncia para a preven\u00e7\u00e3o da sa\u00fade dos alunos e contribu\u00eddo para o fortalecimento de a\u00e7\u00f5es que integram as \u00e1reas de sa\u00fade e educa\u00e7\u00e3o.<br>\nEm 2019, as atividades foram iniciadas no m\u00eas de mar\u00e7o em todas as escolas da rede p\u00fablica.<br>\nAvalia\u00e7\u00e3o antropom\u00e9trica, verifica\u00e7\u00e3o da situa\u00e7\u00e3o vacinal, escova\u00e7\u00e3o supervisionada, aplica\u00e7\u00e3o t\u00f3pica de fl\u00faor, avalia\u00e7\u00e3o da sa\u00fade bucal, vacina\u00e7\u00e3o de HPV e atendimento m\u00e9dico s\u00e3o algumas das a\u00e7\u00f5es realizadas nas escolas.  As Palestras Direito sexual e reprodutivo, preven\u00e7\u00e3o de DST\/AIDS, Alimenta\u00e7\u00e3o Saud\u00e1vel e Higiene Pessoal s\u00e3o ministradas pelos profissionais da sa\u00fade, enfermeiras, nutricionista e agentes comunit\u00e1rios de sa\u00fade.<br>\nNo m\u00eas de abril, o Sa\u00fade na Escola realizou a Semana de Mobiliza\u00e7\u00e3o do Programa com o tema \u201cImuniza\u00e7\u00e3o\u201d.  Foram realizadas palestras com os Agentes de Endemias e a\u00e7\u00f5es de combate ao mosquito Aedes Aegypti, al\u00e9m de atividades em sala de aula de todas as escolas.<br>\nNeste m\u00eas de maio, a Creche Anita Garibaldi trabalhou um mini projeto da alimenta\u00e7\u00e3o saud\u00e1vel com atividades pedag\u00f3gicas e l\u00fadicas e v\u00eddeos educativos sobre alimenta\u00e7\u00e3o saud\u00e1vel e n\u00e3o saud\u00e1vel. <\/p>\n\n\n\n<p>\u201cO nosso objetivo \u00e9 ensinar as crian\u00e7as o h\u00e1bito de uma alimenta\u00e7\u00e3o sadia e conscientiz\u00e1-los da import\u00e2ncia de uma boa alimenta\u00e7\u00e3o para que tenham boa sa\u00fade\u201d. Trabalhamos cores, sabores e textura das frutas. Realizamos tamb\u00e9m a confec\u00e7\u00e3o de salada de frutas pelas crian\u00e7as com o objetivo de estimular o consumo das frutas para o fortalecimento do sistema imunol\u00f3gico\u201d, disse a nutricionista do munic\u00edpio, Teresa Cristina Trigueiro.<\/p>\n\n\n\n<p>Ascom<\/p>\n","protected":false},"excerpt":{"rendered":"<p>O Programa Sa\u00fade na Escola, implantado no munic\u00edpio desde 2011, tem sido de grande import\u00e2ncia para a preven\u00e7\u00e3o da sa\u00fade dos alunos e contribu\u00eddo para&hellip; <\/p>\n","protected":false},"author":1,"featured_media":96674,"comment_status":"closed","ping_status":"closed","sticky":false,"template":"","format":"standard","meta":{"sfsi_plus_gutenberg_text_before_share":"","sfsi_plus_gutenberg_show_text_before_share":"","sfsi_plus_gutenberg_icon_type":"","sfsi_plus_gutenberg_icon_alignemt":"","sfsi_plus_gutenburg_max_per_row":"","footnotes":""},"categories":[50,2],"tags":[],"class_list":["post-96673","post","type-post","status-publish","format-standard","has-post-thumbnail","hentry","category-destaque","category-geral"],"_links":{"self":[{"href":"https:\/\/www.caririemacao.com\/1\/wp-json\/wp\/v2\/posts\/96673","targetHints":{"allow":["GET"]}}],"collection":[{"href":"https:\/\/www.caririemacao.com\/1\/wp-json\/wp\/v2\/posts"}],"about":[{"href":"https:\/\/www.caririemacao.com\/1\/wp-json\/wp\/v2\/types\/post"}],"author":[{"embeddable":true,"href":"https:\/\/www.caririemacao.com\/1\/wp-json\/wp\/v2\/users\/1"}],"replies":[{"embeddable":true,"href":"https:\/\/www.caririemacao.com\/1\/wp-json\/wp\/v2\/comments?post=96673"}],"version-history":[{"count":1,"href":"https:\/\/www.caririemacao.com\/1\/wp-json\/wp\/v2\/posts\/96673\/revisions"}],"predecessor-version":[{"id":96675,"href":"https:\/\/www.caririemacao.com\/1\/wp-json\/wp\/v2\/posts\/96673\/revisions\/96675"}],"wp:featuredmedia":[{"embeddable":true,"href":"https:\/\/www.caririemacao.com\/1\/wp-json\/wp\/v2\/media\/96674"}],"wp:attachment":[{"href":"https:\/\/www.caririemacao.com\/1\/wp-json\/wp\/v2\/media?parent=96673"}],"wp:term":[{"taxonomy":"category","embeddable":true,"href":"https:\/\/www.caririemacao.com\/1\/wp-json\/wp\/v2\/categories?post=96673"},{"taxonomy":"post_tag","embeddable":true,"href":"https:\/\/www.caririemacao.com\/1\/wp-json\/wp\/v2\/tags?post=96673"}],"curies":[{"name":"wp","href":"https:\/\/api.w.org\/{rel}","templated":true}]}}