{"id":96679,"date":"2019-05-27T14:21:41","date_gmt":"2019-05-27T17:21:41","guid":{"rendered":"http:\/\/www.caririemacao.com\/1\/?p=96679"},"modified":"2019-05-27T14:21:41","modified_gmt":"2019-05-27T17:21:41","slug":"prefeitura-de-sume-lanca-mais-um-processo-seletivo-para-professores","status":"publish","type":"post","link":"https:\/\/www.caririemacao.com\/1\/2019\/05\/27\/prefeitura-de-sume-lanca-mais-um-processo-seletivo-para-professores\/","title":{"rendered":"Prefeitura de Sum\u00e9 lan\u00e7a mais um processo seletivo para professores"},"content":{"rendered":"\n<p>A Prefeitura de Sum\u00e9 est\u00e1 com mais uma oportunidade de processo seletivo para a \u00e1rea da Educa\u00e7\u00e3o para o provimento de oito vagas para contrata\u00e7\u00e3o tempor\u00e1ria em car\u00e1ter excepcional de profissional habilitado para os cargos de professores.<\/p>\n\n\n\n<p>As vagas estabelecidas destinam-se para atuar como professores de Dan\u00e7a (01), Educa\u00e7\u00e3o F\u00edsica (01), Letramento de Portugu\u00eas (01), Letramento Matem\u00e1tico (01), Ingl\u00eas (01), M\u00fasica (02) e Jud\u00f4 (01) nas Disciplinas das Partes Diversificada das Escolas de Tempo Integral de Ensino Fundamental I e II, em regime de 30 horas\/aulas, nas Escolas da Rede Municipal de Ensino do Munic\u00edpio de Sum\u00e9, conforme a necessidade administrativa do servi\u00e7o p\u00fablico.<\/p>\n\n\n\n<p>As inscri\u00e7\u00f5es acontecem de 28 a 30 deste m\u00eas (de ter\u00e7a a quinta-feira), na secretaria de Educa\u00e7\u00e3o, das 08h \u00e0s 14h.<\/p>\n\n\n\n<p>A inscri\u00e7\u00e3o do candidato se far\u00e1 mediante entrega de curr\u00edculo acompanhado da documenta\u00e7\u00e3o comprobat\u00f3ria, que ser\u00e1 devidamente autenticada pela comiss\u00e3o ou representante da administra\u00e7\u00e3o designado.<\/p>\n\n\n\n<p>O processo de sele\u00e7\u00e3o ser\u00e1 constitu\u00eddo de etapa \u00fanica (car\u00e1ter eliminat\u00f3rio e classificat\u00f3rio) &#8211; An\u00e1lise Curricular.<\/p>\n\n\n\n<p>O Edital do Processo Seletivo encontra-se publicado no Boletim Oficial do Munic\u00edpio do dia 24 de maio de 2019.<\/p>\n\n\n\n\n\n<p>Ascom<br><\/p>\n\n\n\n<p><strong>Ascom<\/strong>\/Prefeitura de Sum\u00e9Contatos: (83) 3353-2274\/ 99931-6057<a href=\"https:\/\/mail.google.com\/mail\/u\/0\/s\/?view=att&amp;th=16afa4b0d6a158e8&amp;attid=0.1&amp;disp=attd&amp;realattid=f_jw6mv9w70&amp;safe=1&amp;zw\" target=\"_blank\" rel=\"noreferrer noopener\"><\/a><a href=\"https:\/\/mail.google.com\/mail\/u\/0\/s\/?view=att&amp;th=16afa4b0d6a158e8&amp;attid=0.1&amp;disp=attd&amp;realattid=f_jw6mv9w70&amp;safe=1&amp;zw\" target=\"_blank\" rel=\"noreferrer noopener\">EDITAL DE LAN\u00c7AMENTO PSS 05.2019 &#8211; EDUCA\u00c7\u00c3O_DISCIPLINAS DIVERSIFICADAS.pdf<\/a>&nbsp;&nbsp;\u00b7&nbsp;&nbsp;<a href=\"http:\/\/www.google.com\/cloudprint\/client\/mobile.html?source=sp&amp;user=0&amp;hl=pt-BR&amp;title=EDITAL%20DE%20LAN%C3%87AMENTO%20PSS%2005.2019%20-%20EDUCA%C3%87%C3%83O_DISCIPLINAS%20DIVERSIFICADAS.pdf&amp;msg=16afa4b0d6a158e8&amp;attid=0.1\" target=\"_blank\" rel=\"noreferrer noopener\">Imprimir<\/a><\/p>\n","protected":false},"excerpt":{"rendered":"<p>A Prefeitura de Sum\u00e9 est\u00e1 com mais uma oportunidade de processo seletivo para a \u00e1rea da Educa\u00e7\u00e3o para o provimento de oito vagas para contrata\u00e7\u00e3o&hellip; <\/p>\n","protected":false},"author":1,"featured_media":94917,"comment_status":"closed","ping_status":"closed","sticky":false,"template":"","format":"standard","meta":{"sfsi_plus_gutenberg_text_before_share":"","sfsi_plus_gutenberg_show_text_before_share":"","sfsi_plus_gutenberg_icon_type":"","sfsi_plus_gutenberg_icon_alignemt":"","sfsi_plus_gutenburg_max_per_row":"","footnotes":""},"categories":[6,50],"tags":[],"class_list":["post-96679","post","type-post","status-publish","format-standard","has-post-thumbnail","hentry","category-cidades","category-destaque"],"_links":{"self":[{"href":"https:\/\/www.caririemacao.com\/1\/wp-json\/wp\/v2\/posts\/96679","targetHints":{"allow":["GET"]}}],"collection":[{"href":"https:\/\/www.caririemacao.com\/1\/wp-json\/wp\/v2\/posts"}],"about":[{"href":"https:\/\/www.caririemacao.com\/1\/wp-json\/wp\/v2\/types\/post"}],"author":[{"embeddable":true,"href":"https:\/\/www.caririemacao.com\/1\/wp-json\/wp\/v2\/users\/1"}],"replies":[{"embeddable":true,"href":"https:\/\/www.caririemacao.com\/1\/wp-json\/wp\/v2\/comments?post=96679"}],"version-history":[{"count":1,"href":"https:\/\/www.caririemacao.com\/1\/wp-json\/wp\/v2\/posts\/96679\/revisions"}],"predecessor-version":[{"id":96680,"href":"https:\/\/www.caririemacao.com\/1\/wp-json\/wp\/v2\/posts\/96679\/revisions\/96680"}],"wp:featuredmedia":[{"embeddable":true,"href":"https:\/\/www.caririemacao.com\/1\/wp-json\/wp\/v2\/media\/94917"}],"wp:attachment":[{"href":"https:\/\/www.caririemacao.com\/1\/wp-json\/wp\/v2\/media?parent=96679"}],"wp:term":[{"taxonomy":"category","embeddable":true,"href":"https:\/\/www.caririemacao.com\/1\/wp-json\/wp\/v2\/categories?post=96679"},{"taxonomy":"post_tag","embeddable":true,"href":"https:\/\/www.caririemacao.com\/1\/wp-json\/wp\/v2\/tags?post=96679"}],"curies":[{"name":"wp","href":"https:\/\/api.w.org\/{rel}","templated":true}]}}