{"id":96690,"date":"2019-05-27T14:28:04","date_gmt":"2019-05-27T17:28:04","guid":{"rendered":"http:\/\/www.caririemacao.com\/1\/?p=96690"},"modified":"2019-05-27T14:28:04","modified_gmt":"2019-05-27T17:28:04","slug":"papa-francisco-recebe-lider-indigena-brasileiro-no-vaticano","status":"publish","type":"post","link":"https:\/\/www.caririemacao.com\/1\/2019\/05\/27\/papa-francisco-recebe-lider-indigena-brasileiro-no-vaticano\/","title":{"rendered":"Papa Francisco recebe l\u00edder ind\u00edgena brasileiro no Vaticano"},"content":{"rendered":"\n<p>O Papa Francisco recebeu no Vaticano, nesta segunda-feira (27), o l\u00edder ind\u00edgena Raoni Metuktire, que atua no combate \u00e0 devasta\u00e7\u00e3o da Amaz\u00f4nia.<\/p>\n\n\n\n<p>A audi\u00eancia faz parte da prepara\u00e7\u00e3o para a Assembleia Especial do S\u00ednodo (Encontro) dos Bispos para a regi\u00e3o Panamaz\u00f4nica, que vai ser realizada de 6 a 27 outubro, segundo o porta-voz do papa, Alessandro Gisotti. O tema do encontro ser\u00e1: \u201cAmaz\u00f4nia: Novos caminhos para a Igreja e para Ecologia\u201d.<\/p>\n\n\n\n<p>O l\u00edder ind\u00edgena denuncia a devasta\u00e7\u00e3o da Amaz\u00f4nia, que est\u00e1 amea\u00e7ada pelo desmatamento, pelo agroneg\u00f3cio e pela ind\u00fastria madeireira.<\/p>\n\n\n\n<p>O l\u00edder Kayap\u00f3, que viaja acompanhado de outros tr\u00eas l\u00edderes ind\u00edgenas do Xingu, come\u00e7ou em 12 de maio uma excurs\u00e3o de tr\u00eas semanas pela Europa, onde marchou com jovens em favor do clima e foi recebido por chefes de Estado, como o presidente Emmanuel Macron (Fran\u00e7a). O l\u00edder ind\u00edgena tamb\u00e9m aproveitou sua passagem pelo tradicional festival de cinema de Cannes, no sul da Fran\u00e7a, para pedir apoio para o seu projeto de prote\u00e7\u00e3o da Amaz\u00f4nia.<\/p>\n\n\n\n<p><strong>Devasta\u00e7\u00e3o da Amaz\u00f4nia<\/strong><\/p>\n\n\n\n<p>Em 2015, Francisco publicou a enc\u00edclica &#8220;Laudato Si&#8221; (Louvado Seja), em que ataca um modelo de desenvolvimento injusto e convida os cat\u00f3licos a tomarem a\u00e7\u00f5es concretas para frear a explora\u00e7\u00e3o insensata do meio ambiente.<\/p>\n\n\n\n<p>O pont\u00edfice denunciou os problemas enfrentados pelos moradores da regi\u00e3o amaz\u00f4nica quando visitou Puerto Maldonado em janeiro de 2018, uma cidade rural no sudeste do Peru, cercada pela floresta.<\/p>\n\n\n\n<p>Essa \u00e9 a primeira vez que a Igreja Cat\u00f3lica apoia oficialmente atividades concretas em favor do cuidado ambiental, inclusive nas par\u00f3quias.<\/p>\n\n\n\n<p>O cardeal brasileiro Cl\u00e1udio Hummes, que ser\u00e1 o relator geral do s\u00ednodo, reconheceu recentemente em Roma que a defesa da Amaz\u00f4nia gera muitas &#8220;resist\u00eancias e incompreens\u00f5es&#8221;.<\/p>\n\n\n\n<p>&#8220;Os interesses econ\u00f4micos e o paradigma tecnocr\u00e1tico s\u00e3o contr\u00e1rios a qualquer tentativa de mudan\u00e7a e est\u00e3o prontos a se imporem com for\u00e7a, violando os direitos fundamentais das popula\u00e7\u00f5es no territ\u00f3rio e as normas de sustentabilidade e prote\u00e7\u00e3o da Amaz\u00f4nia&#8221;, declarou Hummes.<\/p>\n\n\n\n<p>A Amaz\u00f4nia \u00e9 habitada por 390 povos com uma identidade cultural e l\u00ednguas pr\u00f3prias, e tem cerca de 120 aldeias livres em isolamento volunt\u00e1rio, segundo dados da France Presse.<\/p>\n\n\n\n<p>Este territ\u00f3rio, compartilhado por nove pa\u00edses e habitado por cerca de 34 milh\u00f5es de pessoas, abriga 20% da \u00e1gua doce n\u00e3o congelada do mundo, 34% das florestas prim\u00e1rias e 30-50% da fauna e flora do planeta.<\/p>\n","protected":false},"excerpt":{"rendered":"<p>O Papa Francisco recebeu no Vaticano, nesta segunda-feira (27), o l\u00edder ind\u00edgena Raoni Metuktire, que atua no combate \u00e0 devasta\u00e7\u00e3o da Amaz\u00f4nia. A audi\u00eancia faz&hellip; <\/p>\n","protected":false},"author":1,"featured_media":96691,"comment_status":"closed","ping_status":"closed","sticky":false,"template":"","format":"standard","meta":{"sfsi_plus_gutenberg_text_before_share":"","sfsi_plus_gutenberg_show_text_before_share":"","sfsi_plus_gutenberg_icon_type":"","sfsi_plus_gutenberg_icon_alignemt":"","sfsi_plus_gutenburg_max_per_row":"","footnotes":""},"categories":[2],"tags":[],"class_list":["post-96690","post","type-post","status-publish","format-standard","has-post-thumbnail","hentry","category-geral"],"_links":{"self":[{"href":"https:\/\/www.caririemacao.com\/1\/wp-json\/wp\/v2\/posts\/96690","targetHints":{"allow":["GET"]}}],"collection":[{"href":"https:\/\/www.caririemacao.com\/1\/wp-json\/wp\/v2\/posts"}],"about":[{"href":"https:\/\/www.caririemacao.com\/1\/wp-json\/wp\/v2\/types\/post"}],"author":[{"embeddable":true,"href":"https:\/\/www.caririemacao.com\/1\/wp-json\/wp\/v2\/users\/1"}],"replies":[{"embeddable":true,"href":"https:\/\/www.caririemacao.com\/1\/wp-json\/wp\/v2\/comments?post=96690"}],"version-history":[{"count":1,"href":"https:\/\/www.caririemacao.com\/1\/wp-json\/wp\/v2\/posts\/96690\/revisions"}],"predecessor-version":[{"id":96692,"href":"https:\/\/www.caririemacao.com\/1\/wp-json\/wp\/v2\/posts\/96690\/revisions\/96692"}],"wp:featuredmedia":[{"embeddable":true,"href":"https:\/\/www.caririemacao.com\/1\/wp-json\/wp\/v2\/media\/96691"}],"wp:attachment":[{"href":"https:\/\/www.caririemacao.com\/1\/wp-json\/wp\/v2\/media?parent=96690"}],"wp:term":[{"taxonomy":"category","embeddable":true,"href":"https:\/\/www.caririemacao.com\/1\/wp-json\/wp\/v2\/categories?post=96690"},{"taxonomy":"post_tag","embeddable":true,"href":"https:\/\/www.caririemacao.com\/1\/wp-json\/wp\/v2\/tags?post=96690"}],"curies":[{"name":"wp","href":"https:\/\/api.w.org\/{rel}","templated":true}]}}