{"id":96695,"date":"2019-05-27T14:54:31","date_gmt":"2019-05-27T17:54:31","guid":{"rendered":"http:\/\/www.caririemacao.com\/1\/?p=96695"},"modified":"2019-05-27T14:55:39","modified_gmt":"2019-05-27T17:55:39","slug":"urgente-gabriel-diniz-morre-ao-sofrer-acidente-de-aviao-em-sergipe","status":"publish","type":"post","link":"https:\/\/www.caririemacao.com\/1\/2019\/05\/27\/urgente-gabriel-diniz-morre-ao-sofrer-acidente-de-aviao-em-sergipe\/","title":{"rendered":"Urgente: Gabriel Diniz morre ao sofrer acidente de avi\u00e3o em Sergipe"},"content":{"rendered":"\n<p>O cantor Gabriel Diniz morreu ao sofrer um acidente de avi\u00e3o. No in\u00edcio da tarde desta segunda-feira (27), o passaporte do artista foi achado perto do local do acidente, em Sergipe.\u00a0<\/p>\n\n\n\n<p>Diniz fretou a aeronave ap\u00f3s fazer um show em Feira de Santana, neste fim de semana. De acordo com o &#8216;Jornal Hoje&#8217;, o acidente aconteceu em Porto do Mato, em Est\u00e2ncia, perto da divisa entre Sergipe e Bahia. O voo tinha decolado de Salvador e caiu em uma areia de dif\u00edcil acesso. <\/p>\n\n\n\n<p>O comandante Virg\u00edlio, um dos respons\u00e1veis pelo resgate, disse \u00e0 Record que as equipes encontraram tr\u00eas corpos no local da queda. <\/p>\n\n\n\n<p>Nas redes sociais, o cantor tinha postado sua felicidade por ter se apresentado no interior da Bahia. <\/p>\n\n\n\n<p>Ele tamb\u00e9m reclamou de sentir dor de barriga e at\u00e9 chegou a postar v\u00eddeo enquanto recebia soro fisiol\u00f3gico na veia. <\/p>\n\n\n\n<figure class=\"wp-block-image\"><img decoding=\"async\" data-src=\"https:\/\/redacao-ibahia-com.cdn.ampproject.org\/i\/s\/redacao.ibahia.com\/fileadmin\/user_upload\/ibahia\/2019\/maio\/27\/passaporte_gabriel.jpg\" alt=\"\" src=\"data:image\/svg+xml;base64,PHN2ZyB3aWR0aD0iMSIgaGVpZ2h0PSIxIiB4bWxucz0iaHR0cDovL3d3dy53My5vcmcvMjAwMC9zdmciPjwvc3ZnPg==\" class=\"lazyload\" \/><\/figure>\n\n\n\n<p><\/p>\n","protected":false},"excerpt":{"rendered":"<p>O cantor Gabriel Diniz morreu ao sofrer um acidente de avi\u00e3o. No in\u00edcio da tarde desta segunda-feira (27), o passaporte do artista foi achado perto&hellip; <\/p>\n","protected":false},"author":1,"featured_media":96696,"comment_status":"closed","ping_status":"closed","sticky":false,"template":"","format":"standard","meta":{"sfsi_plus_gutenberg_text_before_share":"","sfsi_plus_gutenberg_show_text_before_share":"","sfsi_plus_gutenberg_icon_type":"","sfsi_plus_gutenberg_icon_alignemt":"","sfsi_plus_gutenburg_max_per_row":"","footnotes":""},"categories":[50,2],"tags":[],"class_list":["post-96695","post","type-post","status-publish","format-standard","has-post-thumbnail","hentry","category-destaque","category-geral"],"_links":{"self":[{"href":"https:\/\/www.caririemacao.com\/1\/wp-json\/wp\/v2\/posts\/96695","targetHints":{"allow":["GET"]}}],"collection":[{"href":"https:\/\/www.caririemacao.com\/1\/wp-json\/wp\/v2\/posts"}],"about":[{"href":"https:\/\/www.caririemacao.com\/1\/wp-json\/wp\/v2\/types\/post"}],"author":[{"embeddable":true,"href":"https:\/\/www.caririemacao.com\/1\/wp-json\/wp\/v2\/users\/1"}],"replies":[{"embeddable":true,"href":"https:\/\/www.caririemacao.com\/1\/wp-json\/wp\/v2\/comments?post=96695"}],"version-history":[{"count":2,"href":"https:\/\/www.caririemacao.com\/1\/wp-json\/wp\/v2\/posts\/96695\/revisions"}],"predecessor-version":[{"id":96698,"href":"https:\/\/www.caririemacao.com\/1\/wp-json\/wp\/v2\/posts\/96695\/revisions\/96698"}],"wp:featuredmedia":[{"embeddable":true,"href":"https:\/\/www.caririemacao.com\/1\/wp-json\/wp\/v2\/media\/96696"}],"wp:attachment":[{"href":"https:\/\/www.caririemacao.com\/1\/wp-json\/wp\/v2\/media?parent=96695"}],"wp:term":[{"taxonomy":"category","embeddable":true,"href":"https:\/\/www.caririemacao.com\/1\/wp-json\/wp\/v2\/categories?post=96695"},{"taxonomy":"post_tag","embeddable":true,"href":"https:\/\/www.caririemacao.com\/1\/wp-json\/wp\/v2\/tags?post=96695"}],"curies":[{"name":"wp","href":"https:\/\/api.w.org\/{rel}","templated":true}]}}