{"id":96701,"date":"2019-05-27T15:01:23","date_gmt":"2019-05-27T18:01:23","guid":{"rendered":"http:\/\/www.caririemacao.com\/1\/?p=96701"},"modified":"2019-05-27T15:01:23","modified_gmt":"2019-05-27T18:01:23","slug":"governador-retruca-reprimenda-de-coutinho-sobre-trato-com-o-g10","status":"publish","type":"post","link":"https:\/\/www.caririemacao.com\/1\/2019\/05\/27\/governador-retruca-reprimenda-de-coutinho-sobre-trato-com-o-g10\/","title":{"rendered":"Governador retruca reprimenda de Coutinho sobre trato com o G10"},"content":{"rendered":"\n<p><br>O governador Jo\u00e3o Azev\u00eado (PSB) n\u00e3o gostou nadinha da reprimenda do ex-gestor Ricardo Coutinho (PSB) sobre o trato do governo com o G10 na Assembleia Legislativa. Contudo, demonstrou confian\u00e7a e tranquilidade em entrevista concedida \u00e0 imprensa nesta segunda-feira (27) sobre o assunto.<\/p>\n\n\n\n<p>Azev\u00eado deixou claro que sabe o que est\u00e1 fazendo e como tem se relacionado com o grupo \u201crebelde\u201d, pois tem certeza que os deputados s\u00e3o e fazem parte da base governista.<\/p>\n\n\n\n<p>O governador disse ainda n\u00e3o ter d\u00favidas nenhuma quanto ao apoio dos deputados do G10 e que j\u00e1 teve reuni\u00e3o com todos os grupos formados na Casa e eles se colocaram claramente que s\u00e3o da base governista.<\/p>\n\n\n\n<figure class=\"wp-block-image\"><img decoding=\"async\" data-src=\"https:\/\/paraibaonline.com.br\/wp-content\/uploads\/2019\/05\/azevedo2705.jpg\" alt=\"Foto: Paraibaonline\" class=\"wp-image-739970 lazyload\" src=\"data:image\/svg+xml;base64,PHN2ZyB3aWR0aD0iMSIgaGVpZ2h0PSIxIiB4bWxucz0iaHR0cDovL3d3dy53My5vcmcvMjAwMC9zdmciPjwvc3ZnPg==\" \/><\/figure>\n\n\n\n<p>Foto: Paraibaonline<\/p>\n\n\n\n<p>\u201cO G10 \u00e9 da base e \u00e9 nessa l\u00f3gica que n\u00f3s temos trabalhado. O governo elegeu, por esse projeto que hoje represento, 22 deputados, e tem mais dois associados a esse projeto que tem dado a sustenta\u00e7\u00e3o que o governo precisa\u201d, avaliou.<\/p>\n\n\n\n<p>Azev\u00eado disse tamb\u00e9m que quem estiver nessa l\u00f3gica de contribuir e quem tiver interesse em continuar construindo o projeto do PSB ser\u00e1 com eles que estar\u00e1 conduzindo a rela\u00e7\u00e3o entre o Executivo e o Poder Legislativo, de maneira tranquila e transparente.<\/p>\n\n\n\n<p>\u201c\u00c9 assim que n\u00f3s estamos fazendo. O G10 \u00e9 parte do governo e est\u00e1 l\u00e1 para ajudar e eu n\u00e3o tenho d\u00favida nenhuma\u201d, disse.<\/p>\n\n\n\n<p>O governador afirmou ainda que a prova maior que o G10 est\u00e1 com o governo ser\u00e1 a forma como o grupo vai se posicionar em rela\u00e7\u00e3o \u00e0 vota\u00e7\u00e3o da mat\u00e9ria que trata do Plano de Cargos, Carreira e Remunera\u00e7\u00e3o assinado nesta segunda-feira por ele.<\/p>\n\n\n\n<p>\u201cEu n\u00e3o tenho nenhuma preocupa\u00e7\u00e3o quanto a isso\u201d, assegurou.<\/p>\n","protected":false},"excerpt":{"rendered":"<p>O governador Jo\u00e3o Azev\u00eado (PSB) n\u00e3o gostou nadinha da reprimenda do ex-gestor Ricardo Coutinho (PSB) sobre o trato do governo com o G10 na Assembleia&hellip; <\/p>\n","protected":false},"author":1,"featured_media":96702,"comment_status":"closed","ping_status":"closed","sticky":false,"template":"","format":"standard","meta":{"sfsi_plus_gutenberg_text_before_share":"","sfsi_plus_gutenberg_show_text_before_share":"","sfsi_plus_gutenberg_icon_type":"","sfsi_plus_gutenberg_icon_alignemt":"","sfsi_plus_gutenburg_max_per_row":"","footnotes":""},"categories":[11],"tags":[],"class_list":["post-96701","post","type-post","status-publish","format-standard","has-post-thumbnail","hentry","category-politica"],"_links":{"self":[{"href":"https:\/\/www.caririemacao.com\/1\/wp-json\/wp\/v2\/posts\/96701","targetHints":{"allow":["GET"]}}],"collection":[{"href":"https:\/\/www.caririemacao.com\/1\/wp-json\/wp\/v2\/posts"}],"about":[{"href":"https:\/\/www.caririemacao.com\/1\/wp-json\/wp\/v2\/types\/post"}],"author":[{"embeddable":true,"href":"https:\/\/www.caririemacao.com\/1\/wp-json\/wp\/v2\/users\/1"}],"replies":[{"embeddable":true,"href":"https:\/\/www.caririemacao.com\/1\/wp-json\/wp\/v2\/comments?post=96701"}],"version-history":[{"count":1,"href":"https:\/\/www.caririemacao.com\/1\/wp-json\/wp\/v2\/posts\/96701\/revisions"}],"predecessor-version":[{"id":96703,"href":"https:\/\/www.caririemacao.com\/1\/wp-json\/wp\/v2\/posts\/96701\/revisions\/96703"}],"wp:featuredmedia":[{"embeddable":true,"href":"https:\/\/www.caririemacao.com\/1\/wp-json\/wp\/v2\/media\/96702"}],"wp:attachment":[{"href":"https:\/\/www.caririemacao.com\/1\/wp-json\/wp\/v2\/media?parent=96701"}],"wp:term":[{"taxonomy":"category","embeddable":true,"href":"https:\/\/www.caririemacao.com\/1\/wp-json\/wp\/v2\/categories?post=96701"},{"taxonomy":"post_tag","embeddable":true,"href":"https:\/\/www.caririemacao.com\/1\/wp-json\/wp\/v2\/tags?post=96701"}],"curies":[{"name":"wp","href":"https:\/\/api.w.org\/{rel}","templated":true}]}}