{"id":96706,"date":"2019-05-27T15:08:27","date_gmt":"2019-05-27T18:08:27","guid":{"rendered":"http:\/\/www.caririemacao.com\/1\/?p=96706"},"modified":"2019-05-27T15:08:27","modified_gmt":"2019-05-27T18:08:27","slug":"moto-e-furtada-nesta-madrugada-em-serra-branca","status":"publish","type":"post","link":"https:\/\/www.caririemacao.com\/1\/2019\/05\/27\/moto-e-furtada-nesta-madrugada-em-serra-branca\/","title":{"rendered":"Moto \u00e9 furtada nesta madrugada em Serra Branca"},"content":{"rendered":"\n<p>Uma moto CG Titan cor verde ano 2005 e placa MNF 8493 de Jo\u00e3o Pessoa foi furtada na madrugada deste domingo nas proximidades do bar de Socorr\u00e3o, em Serra Branca.<\/p>\n\n\n\n<p>O ve\u00edculo pertence ao jovem Alaff Nunes. Ele relatou a reportagem do portal De Olho no Cariri, que deixou a moto em frente ao estabelecimento e travada e quando retornou n\u00e3o a encontrou mais no local.<\/p>\n\n\n\n<p>A v\u00edtima ainda disse que recebeu informa\u00e7\u00f5es de um vigilante de S\u00e3o Jo\u00e3o do Cariri que viu dois homens de capacete rebocando uma moto no sentido de Boa Vista por volta de 1 hora da manh\u00e3.<\/p>\n\n\n\n<p>O jovem Alaff pede a quem encontrar a motocicleta ou tiver informa\u00e7\u00f5es de seu paradeiro informar a pol\u00edcia ou a ele pr\u00f3prio.<\/p>\n\n\n\n<p><strong>De Olho no Cariri<\/strong><\/p>\n","protected":false},"excerpt":{"rendered":"<p>Uma moto CG Titan cor verde ano 2005 e placa MNF 8493 de Jo\u00e3o Pessoa foi furtada na madrugada deste domingo nas proximidades do bar&hellip; <\/p>\n","protected":false},"author":1,"featured_media":96707,"comment_status":"closed","ping_status":"closed","sticky":false,"template":"","format":"standard","meta":{"sfsi_plus_gutenberg_text_before_share":"","sfsi_plus_gutenberg_show_text_before_share":"","sfsi_plus_gutenberg_icon_type":"","sfsi_plus_gutenberg_icon_alignemt":"","sfsi_plus_gutenburg_max_per_row":"","footnotes":""},"categories":[12],"tags":[],"class_list":["post-96706","post","type-post","status-publish","format-standard","has-post-thumbnail","hentry","category-policia"],"_links":{"self":[{"href":"https:\/\/www.caririemacao.com\/1\/wp-json\/wp\/v2\/posts\/96706","targetHints":{"allow":["GET"]}}],"collection":[{"href":"https:\/\/www.caririemacao.com\/1\/wp-json\/wp\/v2\/posts"}],"about":[{"href":"https:\/\/www.caririemacao.com\/1\/wp-json\/wp\/v2\/types\/post"}],"author":[{"embeddable":true,"href":"https:\/\/www.caririemacao.com\/1\/wp-json\/wp\/v2\/users\/1"}],"replies":[{"embeddable":true,"href":"https:\/\/www.caririemacao.com\/1\/wp-json\/wp\/v2\/comments?post=96706"}],"version-history":[{"count":1,"href":"https:\/\/www.caririemacao.com\/1\/wp-json\/wp\/v2\/posts\/96706\/revisions"}],"predecessor-version":[{"id":96708,"href":"https:\/\/www.caririemacao.com\/1\/wp-json\/wp\/v2\/posts\/96706\/revisions\/96708"}],"wp:featuredmedia":[{"embeddable":true,"href":"https:\/\/www.caririemacao.com\/1\/wp-json\/wp\/v2\/media\/96707"}],"wp:attachment":[{"href":"https:\/\/www.caririemacao.com\/1\/wp-json\/wp\/v2\/media?parent=96706"}],"wp:term":[{"taxonomy":"category","embeddable":true,"href":"https:\/\/www.caririemacao.com\/1\/wp-json\/wp\/v2\/categories?post=96706"},{"taxonomy":"post_tag","embeddable":true,"href":"https:\/\/www.caririemacao.com\/1\/wp-json\/wp\/v2\/tags?post=96706"}],"curies":[{"name":"wp","href":"https:\/\/api.w.org\/{rel}","templated":true}]}}