{"id":96715,"date":"2019-05-27T15:19:59","date_gmt":"2019-05-27T18:19:59","guid":{"rendered":"http:\/\/www.caririemacao.com\/1\/?p=96715"},"modified":"2019-05-27T15:19:59","modified_gmt":"2019-05-27T18:19:59","slug":"prefeito-adriano-wolff-decreta-luto-oficial-por-tres-dias-devido-a-morte-do-servidor-publico-djaci","status":"publish","type":"post","link":"https:\/\/www.caririemacao.com\/1\/2019\/05\/27\/prefeito-adriano-wolff-decreta-luto-oficial-por-tres-dias-devido-a-morte-do-servidor-publico-djaci\/","title":{"rendered":"Prefeito Adriano Wolff decreta Luto oficial por tr\u00eas dias devido a morte do Servidor Publico Djaci"},"content":{"rendered":"\n<p>O prefeito de S\u00e3o Sebasti\u00e3o do Umbuzeiro Adriano Wolff, decretou luto oficial de tr\u00eas dias nas reparti\u00e7\u00f5es P\u00fablicas Municipais, em sinal de pesar pelo falecimento do servidor p\u00fablico municipal, Jose Djaci de Oliveira, ocorrido nesse domingo dia 26 de maio.<\/p>\n\n\n\n<p>O servidor faleceu na noite de hoje devido a problemas de sa\u00fade. O luto oficial \u00e9 decretado como forma de reconhecimento do Poder P\u00fablico Municipal, aos servi\u00e7os prestados pelo funcion\u00e1rio.<\/p>\n\n\n\n<p>&nbsp;\u201cS\u00e3o Sebasti\u00e3o do Umbuzeiro, perde um grande homem perdemos um guerreiro, trabalhador, digno, respons\u00e1vel. Em vida, Djaci, contribuiu muito com a nossa cidade, ele buscou sempre cumprir com suas obriga\u00e7\u00f5es um amigo das antigas.\u201d, lamentou o prefeito Adriano Wolff.<\/p>\n\n\n\n<figure class=\"wp-block-image\"><img decoding=\"async\" data-src=\"http:\/\/www.blogdodidi.com.br\/wp-content\/uploads\/2019\/05\/djaci3.jpg\" alt=\"\" class=\"wp-image-88092 lazyload\" src=\"data:image\/svg+xml;base64,PHN2ZyB3aWR0aD0iMSIgaGVpZ2h0PSIxIiB4bWxucz0iaHR0cDovL3d3dy53My5vcmcvMjAwMC9zdmciPjwvc3ZnPg==\" \/><\/figure>\n","protected":false},"excerpt":{"rendered":"<p>O prefeito de S\u00e3o Sebasti\u00e3o do Umbuzeiro Adriano Wolff, decretou luto oficial de tr\u00eas dias nas reparti\u00e7\u00f5es P\u00fablicas Municipais, em sinal de pesar pelo falecimento&hellip; <\/p>\n","protected":false},"author":1,"featured_media":96716,"comment_status":"closed","ping_status":"closed","sticky":false,"template":"","format":"standard","meta":{"sfsi_plus_gutenberg_text_before_share":"","sfsi_plus_gutenberg_show_text_before_share":"","sfsi_plus_gutenberg_icon_type":"","sfsi_plus_gutenberg_icon_alignemt":"","sfsi_plus_gutenburg_max_per_row":"","footnotes":""},"categories":[6],"tags":[],"class_list":["post-96715","post","type-post","status-publish","format-standard","has-post-thumbnail","hentry","category-cidades"],"_links":{"self":[{"href":"https:\/\/www.caririemacao.com\/1\/wp-json\/wp\/v2\/posts\/96715","targetHints":{"allow":["GET"]}}],"collection":[{"href":"https:\/\/www.caririemacao.com\/1\/wp-json\/wp\/v2\/posts"}],"about":[{"href":"https:\/\/www.caririemacao.com\/1\/wp-json\/wp\/v2\/types\/post"}],"author":[{"embeddable":true,"href":"https:\/\/www.caririemacao.com\/1\/wp-json\/wp\/v2\/users\/1"}],"replies":[{"embeddable":true,"href":"https:\/\/www.caririemacao.com\/1\/wp-json\/wp\/v2\/comments?post=96715"}],"version-history":[{"count":1,"href":"https:\/\/www.caririemacao.com\/1\/wp-json\/wp\/v2\/posts\/96715\/revisions"}],"predecessor-version":[{"id":96717,"href":"https:\/\/www.caririemacao.com\/1\/wp-json\/wp\/v2\/posts\/96715\/revisions\/96717"}],"wp:featuredmedia":[{"embeddable":true,"href":"https:\/\/www.caririemacao.com\/1\/wp-json\/wp\/v2\/media\/96716"}],"wp:attachment":[{"href":"https:\/\/www.caririemacao.com\/1\/wp-json\/wp\/v2\/media?parent=96715"}],"wp:term":[{"taxonomy":"category","embeddable":true,"href":"https:\/\/www.caririemacao.com\/1\/wp-json\/wp\/v2\/categories?post=96715"},{"taxonomy":"post_tag","embeddable":true,"href":"https:\/\/www.caririemacao.com\/1\/wp-json\/wp\/v2\/tags?post=96715"}],"curies":[{"name":"wp","href":"https:\/\/api.w.org\/{rel}","templated":true}]}}