{"id":96721,"date":"2019-05-27T15:25:36","date_gmt":"2019-05-27T18:25:36","guid":{"rendered":"http:\/\/www.caririemacao.com\/1\/?p=96721"},"modified":"2019-05-27T15:25:36","modified_gmt":"2019-05-27T18:25:36","slug":"carga-irregular-de-cerveja-e-apreendida","status":"publish","type":"post","link":"https:\/\/www.caririemacao.com\/1\/2019\/05\/27\/carga-irregular-de-cerveja-e-apreendida\/","title":{"rendered":"Carga irregular de cerveja \u00e9 apreendida"},"content":{"rendered":"\n<p>Auditores fiscais do Posto Fiscal de Guaju, na BR 101, divisa da Para\u00edba com o Rio Grande do Norte, fizeram uma apreens\u00e3o de uma carga de cerveja, que realizava transporte irregular, em uma opera\u00e7\u00e3o conjunta com a Pol\u00edcia Rodovi\u00e1ria Federal. Durante a abordagem dos auditores e policiais, o motorista apresentou uma s\u00e9rie de notas fiscais de eletr\u00f4nica ao consumidor, que t\u00eam apenas validade nas opera\u00e7\u00f5es internas, com base na legisla\u00e7\u00e3o tribut\u00e1ria em vigor.<\/p>\n\n\n\n<p>Ap\u00f3s autua\u00e7\u00e3o e lavratura do auto da carga, que vinha do Rio Grande do Norte, mas sem defini\u00e7\u00e3o de destino, os auditores fiscais contabilizaram os fardos de cerveja que somaram 88,700 mil latas. A contagem serviu para apurar a base de c\u00e1lculo no valor de R$ 112.654,08, sendo o ICMS na ordem de R$ 28.163,52 e a multa em igual valor de R$ 28.163,52, totalizando R$ 56.327,04. Caso a carga seja paga em at\u00e9 30 dias o valor da multa cai pela metade.<\/p>\n\n\n\n<p><strong>Fiscaliza\u00e7\u00e3o intensificada pela SEFAZ-PB&nbsp;<\/strong><\/p>\n\n\n\n<p>As equipes de fiscaliza\u00e7\u00e3o em tr\u00e2nsito das cinco Ger\u00eancias Regionais (Jo\u00e3o Pessoa, Guarabira, Campina Grande, Patos e Sousa) e dos postos fiscais da Secretaria de Estado da Fazenda (SEFAZ-PB) t\u00eam intensificado o trabalho de fiscaliza\u00e7\u00e3o de cargas nas rodovias, nas divisas e em pontos estrat\u00e9gicos das rodovias em a\u00e7\u00f5es fiscais m\u00f3veis e inteligentes, al\u00e9m do interior das cidades. O objetivo \u00e9 combater \u00e0 sonega\u00e7\u00e3o fiscal e coibir a circula\u00e7\u00e3o de mercadoria com documenta\u00e7\u00e3o ou inscri\u00e7\u00e3o pendente de regularidade e sem o devido recolhimentos do ICMS.<strong>MaisPB<\/strong><\/p>\n","protected":false},"excerpt":{"rendered":"<p>Auditores fiscais do Posto Fiscal de Guaju, na BR 101, divisa da Para\u00edba com o Rio Grande do Norte, fizeram uma apreens\u00e3o de uma carga&hellip; <\/p>\n","protected":false},"author":1,"featured_media":96722,"comment_status":"closed","ping_status":"closed","sticky":false,"template":"","format":"standard","meta":{"sfsi_plus_gutenberg_text_before_share":"","sfsi_plus_gutenberg_show_text_before_share":"","sfsi_plus_gutenberg_icon_type":"","sfsi_plus_gutenberg_icon_alignemt":"","sfsi_plus_gutenburg_max_per_row":"","footnotes":""},"categories":[12],"tags":[],"class_list":["post-96721","post","type-post","status-publish","format-standard","has-post-thumbnail","hentry","category-policia"],"_links":{"self":[{"href":"https:\/\/www.caririemacao.com\/1\/wp-json\/wp\/v2\/posts\/96721","targetHints":{"allow":["GET"]}}],"collection":[{"href":"https:\/\/www.caririemacao.com\/1\/wp-json\/wp\/v2\/posts"}],"about":[{"href":"https:\/\/www.caririemacao.com\/1\/wp-json\/wp\/v2\/types\/post"}],"author":[{"embeddable":true,"href":"https:\/\/www.caririemacao.com\/1\/wp-json\/wp\/v2\/users\/1"}],"replies":[{"embeddable":true,"href":"https:\/\/www.caririemacao.com\/1\/wp-json\/wp\/v2\/comments?post=96721"}],"version-history":[{"count":1,"href":"https:\/\/www.caririemacao.com\/1\/wp-json\/wp\/v2\/posts\/96721\/revisions"}],"predecessor-version":[{"id":96723,"href":"https:\/\/www.caririemacao.com\/1\/wp-json\/wp\/v2\/posts\/96721\/revisions\/96723"}],"wp:featuredmedia":[{"embeddable":true,"href":"https:\/\/www.caririemacao.com\/1\/wp-json\/wp\/v2\/media\/96722"}],"wp:attachment":[{"href":"https:\/\/www.caririemacao.com\/1\/wp-json\/wp\/v2\/media?parent=96721"}],"wp:term":[{"taxonomy":"category","embeddable":true,"href":"https:\/\/www.caririemacao.com\/1\/wp-json\/wp\/v2\/categories?post=96721"},{"taxonomy":"post_tag","embeddable":true,"href":"https:\/\/www.caririemacao.com\/1\/wp-json\/wp\/v2\/tags?post=96721"}],"curies":[{"name":"wp","href":"https:\/\/api.w.org\/{rel}","templated":true}]}}