{"id":96728,"date":"2019-05-27T15:27:53","date_gmt":"2019-05-27T18:27:53","guid":{"rendered":"http:\/\/www.caririemacao.com\/1\/?p=96728"},"modified":"2019-05-27T15:27:53","modified_gmt":"2019-05-27T18:27:53","slug":"em-abril-alpb-concedeu-titulo-de-cidadania-paraibana-a-gabriel-diniz","status":"publish","type":"post","link":"https:\/\/www.caririemacao.com\/1\/2019\/05\/27\/em-abril-alpb-concedeu-titulo-de-cidadania-paraibana-a-gabriel-diniz\/","title":{"rendered":"Em abril, ALPB concedeu t\u00edtulo de cidadania paraibana a Gabriel Diniz"},"content":{"rendered":"\n<p>A Assembleia Legislativa da Para\u00edba (ALPB) concedeu no \u00faltimo dia 1\u00ba de abril o t\u00edtulo de cidad\u00e3o paraibano ao cantor Gabriel Diniz, que nesta segunda-feira (27) faleceu ap\u00f3s o avi\u00e3o que estava cair na cidade de Est\u00e2ncia, em Sergipe. A propositura foi do deputado Jo\u00e3o Gon\u00e7alves (Podemos).<\/p>\n\n\n\n<p>Na sess\u00e3o, foi reconhecida a trajet\u00f3ria profissional do compositor, natural de Campo Grande, Mato Grosso do Sul, pelo Estado paraibano.<\/p>\n\n\n\n<p>GD, ao receber a homenagem, disse: \u201cFico muito feliz. \u00c9 uma afirma\u00e7\u00e3o do que a gente j\u00e1 vive aqui, na Para\u00edba, h\u00e1 25 anos. Eu sou muito feliz de morar aqui e ser agora, efetivamente, considerado paraibano, agradecendo a todos que concederam isso, pois minha fam\u00edlia e meus amigos s\u00e3o daqui. Gosto demais dessa terra e vou levar o nome da Para\u00edba sempre comigo\u201d, afirmou.<\/p>\n","protected":false},"excerpt":{"rendered":"<p>A Assembleia Legislativa da Para\u00edba (ALPB) concedeu no \u00faltimo dia 1\u00ba de abril o t\u00edtulo de cidad\u00e3o paraibano ao cantor Gabriel Diniz, que nesta segunda-feira&hellip; <\/p>\n","protected":false},"author":1,"featured_media":96729,"comment_status":"closed","ping_status":"closed","sticky":false,"template":"","format":"standard","meta":{"sfsi_plus_gutenberg_text_before_share":"","sfsi_plus_gutenberg_show_text_before_share":"","sfsi_plus_gutenberg_icon_type":"","sfsi_plus_gutenberg_icon_alignemt":"","sfsi_plus_gutenburg_max_per_row":"","footnotes":""},"categories":[2],"tags":[],"class_list":["post-96728","post","type-post","status-publish","format-standard","has-post-thumbnail","hentry","category-geral"],"_links":{"self":[{"href":"https:\/\/www.caririemacao.com\/1\/wp-json\/wp\/v2\/posts\/96728","targetHints":{"allow":["GET"]}}],"collection":[{"href":"https:\/\/www.caririemacao.com\/1\/wp-json\/wp\/v2\/posts"}],"about":[{"href":"https:\/\/www.caririemacao.com\/1\/wp-json\/wp\/v2\/types\/post"}],"author":[{"embeddable":true,"href":"https:\/\/www.caririemacao.com\/1\/wp-json\/wp\/v2\/users\/1"}],"replies":[{"embeddable":true,"href":"https:\/\/www.caririemacao.com\/1\/wp-json\/wp\/v2\/comments?post=96728"}],"version-history":[{"count":1,"href":"https:\/\/www.caririemacao.com\/1\/wp-json\/wp\/v2\/posts\/96728\/revisions"}],"predecessor-version":[{"id":96730,"href":"https:\/\/www.caririemacao.com\/1\/wp-json\/wp\/v2\/posts\/96728\/revisions\/96730"}],"wp:featuredmedia":[{"embeddable":true,"href":"https:\/\/www.caririemacao.com\/1\/wp-json\/wp\/v2\/media\/96729"}],"wp:attachment":[{"href":"https:\/\/www.caririemacao.com\/1\/wp-json\/wp\/v2\/media?parent=96728"}],"wp:term":[{"taxonomy":"category","embeddable":true,"href":"https:\/\/www.caririemacao.com\/1\/wp-json\/wp\/v2\/categories?post=96728"},{"taxonomy":"post_tag","embeddable":true,"href":"https:\/\/www.caririemacao.com\/1\/wp-json\/wp\/v2\/tags?post=96728"}],"curies":[{"name":"wp","href":"https:\/\/api.w.org\/{rel}","templated":true}]}}