{"id":96733,"date":"2019-05-27T16:18:03","date_gmt":"2019-05-27T19:18:03","guid":{"rendered":"http:\/\/www.caririemacao.com\/1\/?p=96733"},"modified":"2019-05-27T16:18:03","modified_gmt":"2019-05-27T19:18:03","slug":"joao-azevedo-usa-as-redes-sociais-para-lamentar-morte-de-gabriel-diniz","status":"publish","type":"post","link":"https:\/\/www.caririemacao.com\/1\/2019\/05\/27\/joao-azevedo-usa-as-redes-sociais-para-lamentar-morte-de-gabriel-diniz\/","title":{"rendered":"Jo\u00e3o Azev\u00eado usa as redes sociais para lamentar morte de Gabriel Diniz"},"content":{"rendered":"\n<p>O\u00a0<a rel=\"noreferrer noopener\" href=\"https:\/\/paraibaja.com.br\/joao-azevedo-anuncia-calendario-de-pagamento-dos-servidores-de-maio\/\" target=\"_blank\"><strong>governador Jo\u00e3o Azev\u00eado (PSB)<\/strong><\/a>\u00a0usou as redes sociais, na tarde desta segunda-feira (27), para lamentar a morte prematura do cantor Gabriel Diniz. Na postagem, Jo\u00e3o lembrou que o m\u00fasico havia escolhido a Para\u00edba como lar, j\u00e1 que havia nascido no Mato Grosso do Sul.<\/p>\n\n\n\n<p>\u201cLamentamos profundamente a morte do jovem cantor Gabriel Diniz, nascido em Campo Grande-MS, mas que escolheu nosso Estado como casa. O cen\u00e1rio musical perde um pouco da sua alegria e, a Para\u00edba, um expoente que levou a nossa m\u00fasica para todo Brasil\u201d, comentou o governador paraibano.<\/p>\n\n\n\n<div class=\"wp-block-image\"><figure class=\"aligncenter\"><a href=\"https:\/\/paraibaja.com.br\/wp-content\/uploads\/2019\/05\/Joao_morte-de-GD-e1558983804881.jpeg\"><img decoding=\"async\" data-src=\"https:\/\/paraibaja.com.br\/wp-content\/uploads\/2019\/05\/xJoao_morte-de-GD-e1558983804881.jpeg.pagespeed.ic.pNFhu10hK6.webp\" alt=\"Jo\u00e3o Azev\u00eado usa as redes sociais para lamenta morte de Gabriel Diniz\" class=\"wp-image-148046 lazyload\" src=\"data:image\/svg+xml;base64,PHN2ZyB3aWR0aD0iMSIgaGVpZ2h0PSIxIiB4bWxucz0iaHR0cDovL3d3dy53My5vcmcvMjAwMC9zdmciPjwvc3ZnPg==\" \/><\/a><\/figure><\/div>\n\n\n\n<p>Gabriel Diniz tinha 28 anos, nasceu em Campo Grande (MS) e foi criado em Jo\u00e3o Pessoa. GD, como era conhecido, era um astro do forr\u00f3, mas transitava bem no sertanejo. Ele morreu nesta segunda-feira (27), na queda de um avi\u00e3o de pequeno porte no povoado Porto do Mato, em Est\u00e2ncia, na regi\u00e3o sul de Sergipe.<\/p>\n\n\n\n<p>Respons\u00e1vel pelo sucesso \u2018Jenifer\u2019, Gabriel Diniz recebeu no dia 2 de abri o t\u00edtulo de Cidad\u00e3o Paraibano. A honraria foi concedida pela Assembleia Legislativa da Para\u00edba (ALPB), que destacou a import\u00e2ncia do cantor no cen\u00e1rio nacional como representante do ritmo nordestino.<\/p>\n\n\n\n<p>\u201cEstou imensamente feliz com esse t\u00edtulo, \u00e9 uma honra ser nomeado cidad\u00e3o paraibano. Agrade\u00e7o a toda Assembleia por essa linda homenagem\u201d, declarou GD logo ap\u00f3s receber a honraria que foi concedida por solicitado do deputado estadual Jo\u00e3o Gon\u00e7alves (Podemos).<\/p>\n","protected":false},"excerpt":{"rendered":"<p>O\u00a0governador Jo\u00e3o Azev\u00eado (PSB)\u00a0usou as redes sociais, na tarde desta segunda-feira (27), para lamentar a morte prematura do cantor Gabriel Diniz. Na postagem, Jo\u00e3o lembrou&hellip; <\/p>\n","protected":false},"author":1,"featured_media":95024,"comment_status":"closed","ping_status":"closed","sticky":false,"template":"","format":"standard","meta":{"sfsi_plus_gutenberg_text_before_share":"","sfsi_plus_gutenberg_show_text_before_share":"","sfsi_plus_gutenberg_icon_type":"","sfsi_plus_gutenberg_icon_alignemt":"","sfsi_plus_gutenburg_max_per_row":"","footnotes":""},"categories":[11],"tags":[],"class_list":["post-96733","post","type-post","status-publish","format-standard","has-post-thumbnail","hentry","category-politica"],"_links":{"self":[{"href":"https:\/\/www.caririemacao.com\/1\/wp-json\/wp\/v2\/posts\/96733","targetHints":{"allow":["GET"]}}],"collection":[{"href":"https:\/\/www.caririemacao.com\/1\/wp-json\/wp\/v2\/posts"}],"about":[{"href":"https:\/\/www.caririemacao.com\/1\/wp-json\/wp\/v2\/types\/post"}],"author":[{"embeddable":true,"href":"https:\/\/www.caririemacao.com\/1\/wp-json\/wp\/v2\/users\/1"}],"replies":[{"embeddable":true,"href":"https:\/\/www.caririemacao.com\/1\/wp-json\/wp\/v2\/comments?post=96733"}],"version-history":[{"count":1,"href":"https:\/\/www.caririemacao.com\/1\/wp-json\/wp\/v2\/posts\/96733\/revisions"}],"predecessor-version":[{"id":96734,"href":"https:\/\/www.caririemacao.com\/1\/wp-json\/wp\/v2\/posts\/96733\/revisions\/96734"}],"wp:featuredmedia":[{"embeddable":true,"href":"https:\/\/www.caririemacao.com\/1\/wp-json\/wp\/v2\/media\/95024"}],"wp:attachment":[{"href":"https:\/\/www.caririemacao.com\/1\/wp-json\/wp\/v2\/media?parent=96733"}],"wp:term":[{"taxonomy":"category","embeddable":true,"href":"https:\/\/www.caririemacao.com\/1\/wp-json\/wp\/v2\/categories?post=96733"},{"taxonomy":"post_tag","embeddable":true,"href":"https:\/\/www.caririemacao.com\/1\/wp-json\/wp\/v2\/tags?post=96733"}],"curies":[{"name":"wp","href":"https:\/\/api.w.org\/{rel}","templated":true}]}}