{"id":96736,"date":"2019-05-27T16:20:04","date_gmt":"2019-05-27T19:20:04","guid":{"rendered":"http:\/\/www.caririemacao.com\/1\/?p=96736"},"modified":"2019-05-27T16:20:04","modified_gmt":"2019-05-27T19:20:04","slug":"joao-azevedo-anuncia-calendario-de-pagamento-dos-servidores-de-maio","status":"publish","type":"post","link":"https:\/\/www.caririemacao.com\/1\/2019\/05\/27\/joao-azevedo-anuncia-calendario-de-pagamento-dos-servidores-de-maio\/","title":{"rendered":"Jo\u00e3o Azev\u00eado anuncia calend\u00e1rio de pagamento dos servidores de maio"},"content":{"rendered":"\n<p>O pagamento dos servidores estaduais referente ao m\u00eas de maio come\u00e7a nesta quinta-feira (30), quando recebem aposentados e pensionistas e segue na sexta-feira (31), com o pagamento dos servidores da ativa. Ser\u00e3o injetados cerca de R$ 350 milh\u00f5es na economia paraibana. O an\u00fancio foi feito pelo governador Jo\u00e3o Azev\u00eado, nesta segunda-feira (27), durante o programa Fala Governador, transmitido em cadeia estadual pela R\u00e1dio Tabajara e tamb\u00e9m por meio das redes sociais do Governo.<\/p>\n\n\n\n<p>\u201cNos pr\u00f3ximos dias faremos o pagamento da folha de maio e, mais uma vez, o Governo cumpre o compromisso de fazer o pagamento dentro do m\u00eas trabalhado. Isso \u00e9 fruto de um esfor\u00e7o muito grande para manter a gest\u00e3o correta e fazer com que a gest\u00e3o fiscal e de pessoal se mantenha dentro daquilo que estabelecemos\u201d, frisou o governador.<\/p>\n\n\n\n<p>Jo\u00e3o Azev\u00eado ainda observou que com o pagamento da metade do 13\u00ba sal\u00e1rio, j\u00e1 anunciado para o dia 19 de junho, \u201cteremos entre o dia 30 de maio e 30 de junho tr\u00eas folhas de pagamento: a de maio, a folha do 13\u00ba e a do m\u00eas de junho. Ser\u00e1 uma inje\u00e7\u00e3o de recursos na economia do Estado important\u00edssima, fazendo com que a estabilidade dos neg\u00f3cios continue acontecendo na Para\u00edba\u201d.<\/p>\n\n\n\n<p><strong>Calend\u00e1rio<\/strong>:<br>30\/05- aposentados e pensionistas<br>31\/05- servidores da ativa<br>19\/06 \u2013 primeira parcela do 13\u00ba sal\u00e1rio<\/p>\n","protected":false},"excerpt":{"rendered":"<p>O pagamento dos servidores estaduais referente ao m\u00eas de maio come\u00e7a nesta quinta-feira (30), quando recebem aposentados e pensionistas e segue na sexta-feira (31), com&hellip; <\/p>\n","protected":false},"author":1,"featured_media":92990,"comment_status":"closed","ping_status":"closed","sticky":false,"template":"","format":"standard","meta":{"sfsi_plus_gutenberg_text_before_share":"","sfsi_plus_gutenberg_show_text_before_share":"","sfsi_plus_gutenberg_icon_type":"","sfsi_plus_gutenberg_icon_alignemt":"","sfsi_plus_gutenburg_max_per_row":"","footnotes":""},"categories":[11],"tags":[],"class_list":["post-96736","post","type-post","status-publish","format-standard","has-post-thumbnail","hentry","category-politica"],"_links":{"self":[{"href":"https:\/\/www.caririemacao.com\/1\/wp-json\/wp\/v2\/posts\/96736","targetHints":{"allow":["GET"]}}],"collection":[{"href":"https:\/\/www.caririemacao.com\/1\/wp-json\/wp\/v2\/posts"}],"about":[{"href":"https:\/\/www.caririemacao.com\/1\/wp-json\/wp\/v2\/types\/post"}],"author":[{"embeddable":true,"href":"https:\/\/www.caririemacao.com\/1\/wp-json\/wp\/v2\/users\/1"}],"replies":[{"embeddable":true,"href":"https:\/\/www.caririemacao.com\/1\/wp-json\/wp\/v2\/comments?post=96736"}],"version-history":[{"count":1,"href":"https:\/\/www.caririemacao.com\/1\/wp-json\/wp\/v2\/posts\/96736\/revisions"}],"predecessor-version":[{"id":96737,"href":"https:\/\/www.caririemacao.com\/1\/wp-json\/wp\/v2\/posts\/96736\/revisions\/96737"}],"wp:featuredmedia":[{"embeddable":true,"href":"https:\/\/www.caririemacao.com\/1\/wp-json\/wp\/v2\/media\/92990"}],"wp:attachment":[{"href":"https:\/\/www.caririemacao.com\/1\/wp-json\/wp\/v2\/media?parent=96736"}],"wp:term":[{"taxonomy":"category","embeddable":true,"href":"https:\/\/www.caririemacao.com\/1\/wp-json\/wp\/v2\/categories?post=96736"},{"taxonomy":"post_tag","embeddable":true,"href":"https:\/\/www.caririemacao.com\/1\/wp-json\/wp\/v2\/tags?post=96736"}],"curies":[{"name":"wp","href":"https:\/\/api.w.org\/{rel}","templated":true}]}}