{"id":96748,"date":"2019-05-27T15:29:48","date_gmt":"2019-05-27T18:29:48","guid":{"rendered":"http:\/\/www.caririemacao.com\/1\/?p=96748"},"modified":"2019-05-28T01:10:21","modified_gmt":"2019-05-28T04:10:21","slug":"gabriel-diniz-sera-velado-e-sepultado-no-ginasio-ronaldao-em-joao-pessoa","status":"publish","type":"post","link":"https:\/\/www.caririemacao.com\/1\/2019\/05\/27\/gabriel-diniz-sera-velado-e-sepultado-no-ginasio-ronaldao-em-joao-pessoa\/","title":{"rendered":"Gabriel Diniz ser\u00e1 velado e sepultado no gin\u00e1sio Ronald\u00e3o, em Jo\u00e3o Pessoa"},"content":{"rendered":"\n<p>O cantor Gabriel Diniz ser\u00e1 velado e sepultado em Jo\u00e3o Pessoa, no gin\u00e1sio Ronald\u00e3o. Ele morreu nesta segunda-feira (27) ap\u00f3s queda de avi\u00e3o em Sergipe. A informa\u00e7\u00e3o das cerim\u00f4nias f\u00fanebres foi confirmada pela assessoria do artista.<\/p>\n\n\n\n<p>GD, como tamb\u00e9m era conhecido, estava acompanhado de dois amigos na aeronave que caiu em uma regi\u00e3o de mangue, no munic\u00edpio de Est\u00e2ncia, estado de Sergipe.<\/p>\n\n\n\n<p>Os corpos foram removidos do local do acidente para o Instituto M\u00e9dico Legal (IML) de Macei\u00f3.<\/p>\n","protected":false},"excerpt":{"rendered":"<p>O cantor Gabriel Diniz ser\u00e1 velado e sepultado em Jo\u00e3o Pessoa, no gin\u00e1sio Ronald\u00e3o. Ele morreu nesta segunda-feira (27) ap\u00f3s queda de avi\u00e3o em Sergipe.&hellip; <\/p>\n","protected":false},"author":1,"featured_media":96749,"comment_status":"closed","ping_status":"closed","sticky":false,"template":"","format":"standard","meta":{"sfsi_plus_gutenberg_text_before_share":"","sfsi_plus_gutenberg_show_text_before_share":"","sfsi_plus_gutenberg_icon_type":"","sfsi_plus_gutenberg_icon_alignemt":"","sfsi_plus_gutenburg_max_per_row":"","footnotes":""},"categories":[50,2],"tags":[],"class_list":["post-96748","post","type-post","status-publish","format-standard","has-post-thumbnail","hentry","category-destaque","category-geral"],"_links":{"self":[{"href":"https:\/\/www.caririemacao.com\/1\/wp-json\/wp\/v2\/posts\/96748","targetHints":{"allow":["GET"]}}],"collection":[{"href":"https:\/\/www.caririemacao.com\/1\/wp-json\/wp\/v2\/posts"}],"about":[{"href":"https:\/\/www.caririemacao.com\/1\/wp-json\/wp\/v2\/types\/post"}],"author":[{"embeddable":true,"href":"https:\/\/www.caririemacao.com\/1\/wp-json\/wp\/v2\/users\/1"}],"replies":[{"embeddable":true,"href":"https:\/\/www.caririemacao.com\/1\/wp-json\/wp\/v2\/comments?post=96748"}],"version-history":[{"count":1,"href":"https:\/\/www.caririemacao.com\/1\/wp-json\/wp\/v2\/posts\/96748\/revisions"}],"predecessor-version":[{"id":96750,"href":"https:\/\/www.caririemacao.com\/1\/wp-json\/wp\/v2\/posts\/96748\/revisions\/96750"}],"wp:featuredmedia":[{"embeddable":true,"href":"https:\/\/www.caririemacao.com\/1\/wp-json\/wp\/v2\/media\/96749"}],"wp:attachment":[{"href":"https:\/\/www.caririemacao.com\/1\/wp-json\/wp\/v2\/media?parent=96748"}],"wp:term":[{"taxonomy":"category","embeddable":true,"href":"https:\/\/www.caririemacao.com\/1\/wp-json\/wp\/v2\/categories?post=96748"},{"taxonomy":"post_tag","embeddable":true,"href":"https:\/\/www.caririemacao.com\/1\/wp-json\/wp\/v2\/tags?post=96748"}],"curies":[{"name":"wp","href":"https:\/\/api.w.org\/{rel}","templated":true}]}}