{"id":96758,"date":"2019-05-27T16:35:21","date_gmt":"2019-05-27T19:35:21","guid":{"rendered":"http:\/\/www.caririemacao.com\/1\/?p=96758"},"modified":"2019-05-27T16:35:21","modified_gmt":"2019-05-27T19:35:21","slug":"ceara-anuncia-suspensao-de-concursos-publicos","status":"publish","type":"post","link":"https:\/\/www.caririemacao.com\/1\/2019\/05\/27\/ceara-anuncia-suspensao-de-concursos-publicos\/","title":{"rendered":"Cear\u00e1 anuncia suspens\u00e3o de concursos p\u00fablicos"},"content":{"rendered":"\n<p>Homologa\u00e7\u00f5es e convoca\u00e7\u00f5es de concursos p\u00fablicos do Governo do Estado do Cear\u00e1 ser\u00e3o suspensos temporariamente, segundo anunciou o titular da Secretaria do Planejamento e Gest\u00e3o (Seplag), Mauro Filho, na tarde desta segunda-feira (27). A decis\u00e3o foi divulgada durante coletiva sobre o plano de cortes do executivo estadual.<\/p>\n\n\n\n<p>De acordo com Mauro Filho, a justificativa \u00e9 o aumento de gasto com pessoal. &#8220;De janeiro a abril, os gastos com pessoal aumentaram 9,71% em rela\u00e7\u00e3o a igual per\u00edodo do ano passado&#8221;, explicou durante o an\u00fancio. &#8220;Foi um aumento de folha muito significativo em 2018, o maior aumento do Brasil&#8221;, refor\u00e7ou o titular da Pasta.<\/p>\n\n\n\n<p>Ainda de acordo com ele, a folha de pagamento do estado ficou 11,6% mais pesada aos cofres p\u00fablicos no ano passado em rela\u00e7\u00e3o ao ano anterior, 2017. Os gastos com pessoal representam 42% da composi\u00e7\u00e3o dos gastos do poder executivo estadual no ano passado.<\/p>\n\n\n\n<p>Em valores, foram R$ 10,2 bilh\u00f5es destinados ao pagamento de funcion\u00e1rios do Estado em 2018. &#8220;A determina\u00e7\u00e3o do governador \u00e9 que a gente fa\u00e7a esse reajuste agora&#8221;, acrescentou Mauro Filho sobre os gastos do governo estadual.<\/p>\n\n\n\n<p><strong>\u00d3rg\u00e3os&nbsp; &nbsp; &nbsp; &nbsp; &nbsp; &nbsp;<\/strong><br><\/p>\n\n\n\n<p>De acordo com n\u00fameros apresentados durante a coletiva, o maior gasto do estado \u00e9 com o Sistema \u00danico de Previd\u00eancia Social do Estado do Cear\u00e1 (Supsec), com R$ 3,11 bilh\u00f5es seguido pela Secretaria de Educa\u00e7\u00e3o (R$ 1,66 bilh\u00f5es).<\/p>\n\n\n\n<p>O maior crescimento nos gastos, em n\u00fameros absolutos, entretanto, foi observado na Pol\u00edcia Militar, cuja folha de pagamento cresceu R$ 336,8 milh\u00f5es em 2018 na compara\u00e7\u00e3o com 2017.<\/p>\n","protected":false},"excerpt":{"rendered":"<p>Homologa\u00e7\u00f5es e convoca\u00e7\u00f5es de concursos p\u00fablicos do Governo do Estado do Cear\u00e1 ser\u00e3o suspensos temporariamente, segundo anunciou o titular da Secretaria do Planejamento e Gest\u00e3o&hellip; <\/p>\n","protected":false},"author":1,"featured_media":95909,"comment_status":"closed","ping_status":"closed","sticky":false,"template":"","format":"standard","meta":{"sfsi_plus_gutenberg_text_before_share":"","sfsi_plus_gutenberg_show_text_before_share":"","sfsi_plus_gutenberg_icon_type":"","sfsi_plus_gutenberg_icon_alignemt":"","sfsi_plus_gutenburg_max_per_row":"","footnotes":""},"categories":[11],"tags":[],"class_list":["post-96758","post","type-post","status-publish","format-standard","has-post-thumbnail","hentry","category-politica"],"_links":{"self":[{"href":"https:\/\/www.caririemacao.com\/1\/wp-json\/wp\/v2\/posts\/96758","targetHints":{"allow":["GET"]}}],"collection":[{"href":"https:\/\/www.caririemacao.com\/1\/wp-json\/wp\/v2\/posts"}],"about":[{"href":"https:\/\/www.caririemacao.com\/1\/wp-json\/wp\/v2\/types\/post"}],"author":[{"embeddable":true,"href":"https:\/\/www.caririemacao.com\/1\/wp-json\/wp\/v2\/users\/1"}],"replies":[{"embeddable":true,"href":"https:\/\/www.caririemacao.com\/1\/wp-json\/wp\/v2\/comments?post=96758"}],"version-history":[{"count":1,"href":"https:\/\/www.caririemacao.com\/1\/wp-json\/wp\/v2\/posts\/96758\/revisions"}],"predecessor-version":[{"id":96759,"href":"https:\/\/www.caririemacao.com\/1\/wp-json\/wp\/v2\/posts\/96758\/revisions\/96759"}],"wp:featuredmedia":[{"embeddable":true,"href":"https:\/\/www.caririemacao.com\/1\/wp-json\/wp\/v2\/media\/95909"}],"wp:attachment":[{"href":"https:\/\/www.caririemacao.com\/1\/wp-json\/wp\/v2\/media?parent=96758"}],"wp:term":[{"taxonomy":"category","embeddable":true,"href":"https:\/\/www.caririemacao.com\/1\/wp-json\/wp\/v2\/categories?post=96758"},{"taxonomy":"post_tag","embeddable":true,"href":"https:\/\/www.caririemacao.com\/1\/wp-json\/wp\/v2\/tags?post=96758"}],"curies":[{"name":"wp","href":"https:\/\/api.w.org\/{rel}","templated":true}]}}