{"id":96761,"date":"2019-05-27T16:38:47","date_gmt":"2019-05-27T19:38:47","guid":{"rendered":"http:\/\/www.caririemacao.com\/1\/?p=96761"},"modified":"2019-05-27T16:38:47","modified_gmt":"2019-05-27T19:38:47","slug":"governador-assina-pccr-dos-agentes-penitenciarios","status":"publish","type":"post","link":"https:\/\/www.caririemacao.com\/1\/2019\/05\/27\/governador-assina-pccr-dos-agentes-penitenciarios\/","title":{"rendered":"Governador assina PCCR dos agentes penitenci\u00e1rios"},"content":{"rendered":"\n<p>O governador Jo\u00e3o Azev\u00eado assinou, nesta segunda-feira (27), o Plano de Cargos, Carreira e Remunera\u00e7\u00e3o (PCCR) dos agentes penitenci\u00e1rios da Para\u00edba, beneficiando mais de 1.800 profissionais.<\/p>\n\n\n\n<p>Na ocasi\u00e3o, o gestor tamb\u00e9m fez a entrega de 700 pistolas e 30 fuzis para uso da Secretaria da Administra\u00e7\u00e3o Penitenci\u00e1ria, representando um investimento de aproximadamente R$ 2 milh\u00f5es.<\/p>\n\n\n\n<p>Na solenidade, ocorrida no Teatro Paulo Pontes, no Espa\u00e7o Cultural Jos\u00e9 Lins do Rego, em Jo\u00e3o Pessoa, o governador recebeu das m\u00e3os do secret\u00e1rio da Administra\u00e7\u00e3o Penitenci\u00e1ria, S\u00e9rgio Fonseca, e do presidente da Associa\u00e7\u00e3o dos Agentes de Seguran\u00e7a Penitenci\u00e1ria da Para\u00edba (Agepen-PB), Wagner Falc\u00e3o, t\u00edtulos de agradecimento pelo empenho na valoriza\u00e7\u00e3o da categoria.<\/p>\n\n\n\n<p>O evento foi prestigiado pela vice-governadora L\u00edgia Feliciano, pelo senador Veneziano Vital do R\u00eago, por deputados estaduais e por auxiliares do Governo da Para\u00edba.<\/p>\n\n\n\n<figure class=\"wp-block-image\"><img decoding=\"async\" data-src=\"https:\/\/paraibaonline.com.br\/wp-content\/uploads\/2019\/05\/unnamed-2-4.jpg\" alt=\"Foto: Secom\/PB\" class=\"wp-image-740024 lazyload\" src=\"data:image\/svg+xml;base64,PHN2ZyB3aWR0aD0iMSIgaGVpZ2h0PSIxIiB4bWxucz0iaHR0cDovL3d3dy53My5vcmcvMjAwMC9zdmciPjwvc3ZnPg==\" \/><\/figure>\n\n\n\n<p>Foto: Secom\/PB<\/p>\n\n\n\n<p>Na oportunidade, o chefe do Executivo estadual ressaltou que o PCCR dos agentes penitenci\u00e1rios, que ser\u00e1 encaminhado para aprecia\u00e7\u00e3o da Assembleia Legislativa da Para\u00edba, representa o reconhecimento, o respeito e a justi\u00e7a do Governo do Estado com a categoria.<\/p>\n\n\n\n<p>\u201cEu me sinto com o cora\u00e7\u00e3o leve, tenho a satisfa\u00e7\u00e3o pessoal de estar aqui e vejo isso como uma obriga\u00e7\u00e3o da minha parte e que tenho a oportunidade de poder cumprir. Esse \u00e9 um passo de reconhecimento e fortalecimento da categoria, pois estamos oferecendo condi\u00e7\u00f5es adequadas de trabalho e \u00e9 o que temos feito com toda a Seguran\u00e7a da Para\u00edba\u201d, frisou.<\/p>\n\n\n\n<p>Ele tamb\u00e9m destacou a continuidade dos investimentos da gest\u00e3o estadual na pol\u00edtica de seguran\u00e7a p\u00fablica, por meio do programa Para\u00edba Unida pela Paz.<\/p>\n\n\n\n<p>\u201cIsso tem feito com que a Para\u00edba venha, sistematicamente, reduzindo o n\u00famero de homic\u00eddios. A minha preocupa\u00e7\u00e3o \u00e9 de dotar o Estado de melhores condi\u00e7\u00f5es e com melhores equipamentos para que o cidad\u00e3o, que exerce uma atividade de risco, possa desempenhar seu trabalho da melhor maneira poss\u00edvel\u201d, completou.<\/p>\n\n\n\n<figure class=\"wp-block-image\"><img decoding=\"async\" data-src=\"https:\/\/paraibaonline.com.br\/wp-content\/uploads\/2019\/05\/unnamed-1-5.jpg\" alt=\"Foto: Secom\/PB\" class=\"wp-image-740023 lazyload\" src=\"data:image\/svg+xml;base64,PHN2ZyB3aWR0aD0iMSIgaGVpZ2h0PSIxIiB4bWxucz0iaHR0cDovL3d3dy53My5vcmcvMjAwMC9zdmciPjwvc3ZnPg==\" \/><\/figure>\n\n\n\n<p>Foto: Secom\/PB<\/p>\n\n\n\n<p>O secret\u00e1rio da Administra\u00e7\u00e3o Penitenci\u00e1ria, S\u00e9rgio Fonseca, afirmou que a assinatura do PCCR representa um momento hist\u00f3rico e de muita felicidade para o sistema penitenci\u00e1rio do Estado. De acordo com ele, os sal\u00e1rios da categoria ir\u00e3o variar entre R$ 3.200,00 a quase R$ 6 mil.<\/p>\n\n\n\n<p>\u201cTodos os profissionais agradecem ao governador por esse reconhecimento e valoriza\u00e7\u00e3o. Com esse PCCR, o agente penitenci\u00e1rio poder\u00e1 ter progress\u00f5es horizontal e vertical, o que permitir\u00e1 tanto a valoriza\u00e7\u00e3o da carreira quanto a capacita\u00e7\u00e3o profissional, o que resultar\u00e1 na oferta de um melhor servi\u00e7o \u00e0 sociedade paraibana\u201d, declarou.<\/p>\n\n\n\n<p>O presidente da Assembleia Legislativa, Adriano Galdino, aproveitou o momento para anunciar que o PCCR dos agentes penitenci\u00e1rios ser\u00e1 analisado a partir desta ter\u00e7a-feira (28) pelo Poder Legislativo.<\/p>\n\n\n\n<p>\u201cEssa a\u00e7\u00e3o \u00e9 fruto da efici\u00eancia do Governo e mostra que essa medida teve justi\u00e7a administrativa e social. A categoria \u00e9 merecedora e respeitada por toda a sociedade paraibana porque desempenha um trabalho \u00e1rduo e delicado\u201d, disse.<\/p>\n\n\n\n<p>O senador Veneziano Vital do R\u00eago enalteceu os investimentos do Governo do Estado na Seguran\u00e7a P\u00fablica. \u201cA Para\u00edba mostra com n\u00fameros que tem acertado nas pol\u00edticas de seguran\u00e7a p\u00fablica e de valoriza\u00e7\u00e3o do profissional e \u00e9 uma alegria poder dividir essa vit\u00f3ria\u201d, falou.<\/p>\n\n\n\n<p>O juiz da Vara das Execu\u00e7\u00f5es Penais de Jo\u00e3o Pessoa, Carlos Neves da Franca, parabenizou o Governo do Estado por assegurar um pleito antigo da categoria.<\/p>\n\n\n\n<p>\u201cMais do que uma lei, o governador passa uma mensagem de honra para os agentes penitenci\u00e1rios que s\u00e3o abnegados e exercem uma das miss\u00f5es mais dif\u00edceis no Estado\u201d, afirmou.<\/p>\n\n\n\n<p>O presidente do Sindicato dos Agentes e Servidores da Secretaria da Administra\u00e7\u00e3o Penitenci\u00e1ria, Manoel Leite, comemorou a assinatura do PCCR.<\/p>\n\n\n\n<p>\u201cEssa \u00e9 uma reivindica\u00e7\u00e3o que encaminhamos para o Governo do Estado e que h\u00e1 muito tempo a gente esperava que acontecesse. Sem d\u00favida, \u00e9 uma grande vit\u00f3ria para a categoria e n\u00f3s agradecemos ao Governo por esse canal de discuss\u00e3o\u201d, relatou.<\/p>\n\n\n\n<p>O mesmo sentimento foi compartilhado pelo presidente da Agepen, Wagner Falc\u00e3o. \u201cN\u00f3s temos muito a agradecer porque o PCCR vem mudar uma hist\u00f3ria de 90 anos sem progress\u00e3o no sistema prisional. O governador \u00e9 um homem de palavra, que honrou seu compromisso no primeiro semestre de Governo e eu s\u00f3 tenho que agradecer pela mudan\u00e7a de vida dos nossos agentes\u201d, pontuou.<\/p>\n\n\n\n<p>O diretor do PB1, Leonardo Novais, afirmou que a a\u00e7\u00e3o do Governo do Estado assegura uma melhor perspectiva de vida para os agentes penitenci\u00e1rios e suas fam\u00edlias.<\/p>\n\n\n\n<p>\u201cEsse \u00e9 o momento mais importante para nossa categoria porque \u00e9 o reconhecimento do papel que desempenhamos em prol da sociedade\u201d, avaliou.<\/p>\n\n\n\n<p>A diretora da Penitenci\u00e1ria de Recupera\u00e7\u00e3o Feminina Maria J\u00falia Maranh\u00e3o, Cinthia Almeida, afirmou que era um dia de comemora\u00e7\u00e3o.<\/p>\n\n\n\n<p>\u201cEsse era um anseio de toda a categoria e \u00e9 algo que vem para estimular o trabalho do servidor penitenci\u00e1rio e estamos extremamente gratos pela iniciativa\u201d, destacou.<\/p>\n","protected":false},"excerpt":{"rendered":"<p>O governador Jo\u00e3o Azev\u00eado assinou, nesta segunda-feira (27), o Plano de Cargos, Carreira e Remunera\u00e7\u00e3o (PCCR) dos agentes penitenci\u00e1rios da Para\u00edba, beneficiando mais de 1.800&hellip; <\/p>\n","protected":false},"author":1,"featured_media":96762,"comment_status":"closed","ping_status":"closed","sticky":false,"template":"","format":"standard","meta":{"sfsi_plus_gutenberg_text_before_share":"","sfsi_plus_gutenberg_show_text_before_share":"","sfsi_plus_gutenberg_icon_type":"","sfsi_plus_gutenberg_icon_alignemt":"","sfsi_plus_gutenburg_max_per_row":"","footnotes":""},"categories":[11],"tags":[],"class_list":["post-96761","post","type-post","status-publish","format-standard","has-post-thumbnail","hentry","category-politica"],"_links":{"self":[{"href":"https:\/\/www.caririemacao.com\/1\/wp-json\/wp\/v2\/posts\/96761","targetHints":{"allow":["GET"]}}],"collection":[{"href":"https:\/\/www.caririemacao.com\/1\/wp-json\/wp\/v2\/posts"}],"about":[{"href":"https:\/\/www.caririemacao.com\/1\/wp-json\/wp\/v2\/types\/post"}],"author":[{"embeddable":true,"href":"https:\/\/www.caririemacao.com\/1\/wp-json\/wp\/v2\/users\/1"}],"replies":[{"embeddable":true,"href":"https:\/\/www.caririemacao.com\/1\/wp-json\/wp\/v2\/comments?post=96761"}],"version-history":[{"count":1,"href":"https:\/\/www.caririemacao.com\/1\/wp-json\/wp\/v2\/posts\/96761\/revisions"}],"predecessor-version":[{"id":96763,"href":"https:\/\/www.caririemacao.com\/1\/wp-json\/wp\/v2\/posts\/96761\/revisions\/96763"}],"wp:featuredmedia":[{"embeddable":true,"href":"https:\/\/www.caririemacao.com\/1\/wp-json\/wp\/v2\/media\/96762"}],"wp:attachment":[{"href":"https:\/\/www.caririemacao.com\/1\/wp-json\/wp\/v2\/media?parent=96761"}],"wp:term":[{"taxonomy":"category","embeddable":true,"href":"https:\/\/www.caririemacao.com\/1\/wp-json\/wp\/v2\/categories?post=96761"},{"taxonomy":"post_tag","embeddable":true,"href":"https:\/\/www.caririemacao.com\/1\/wp-json\/wp\/v2\/tags?post=96761"}],"curies":[{"name":"wp","href":"https:\/\/api.w.org\/{rel}","templated":true}]}}