{"id":96767,"date":"2019-05-27T17:57:30","date_gmt":"2019-05-27T20:57:30","guid":{"rendered":"http:\/\/www.caririemacao.com\/1\/?p=96767"},"modified":"2019-05-27T17:57:30","modified_gmt":"2019-05-27T20:57:30","slug":"aviao-que-caiu-com-o-cantor-gabriel-diniz-so-poderia-fazer-voos-de-treinamentos","status":"publish","type":"post","link":"https:\/\/www.caririemacao.com\/1\/2019\/05\/27\/aviao-que-caiu-com-o-cantor-gabriel-diniz-so-poderia-fazer-voos-de-treinamentos\/","title":{"rendered":"Avi\u00e3o que caiu com o cantor Gabriel Diniz s\u00f3 poderia fazer voos de treinamentos"},"content":{"rendered":"\n<p>A aeronave Piper Cherokee PT-KLO, que caiu nesta segunda-feira (27) em Sergipe com o cantor Gabriel Diniz, s\u00f3 poderia fazer fazer voos de treinamento ou de instru\u00e7\u00e3o. Isso significa que o avi\u00e3o n\u00e3o poderia fazer, por exemplo, voos privados ou t\u00e1xi a\u00e9reo. A atividade de transporte em avi\u00e3o n\u00e3o autorizado a faz\u00ea-lo \u00e9 conhecida como \u201ct\u00e1xi a\u00e9reo clandestino\u201d.<\/p>\n\n\n\n<p>Gabriel Diniz e mais duas pessoas morreramna queda. Diniz \u00e9 int\u00e9rprete da m\u00fasica \u201cJenifer\u201d,grande hit do \u00faltimo ver\u00e3o.<\/p>\n\n\n\n<p>O avi\u00e3o pertence ao Aeroclube de Alagoas;duas das v\u00edtimas eram pilotos e diretores do aeroclube.Segundo um dos diretores do aeroclube, a aeronave n\u00e3o era utilizada para t\u00e1xi a\u00e9reo ou frete, apenas para instru\u00e7\u00f5es. Um dos pilotos a bordo era muito amigo do cantor Gabriel Diniz, e foi passar o fim de semana com ele em Salvador. Na volta, o piloto ofereceu uma carona para o cantor, disse o diretor. N\u00e3o est\u00e1 claro ainda se a carona \u00e9 permitida.<\/p>\n\n\n\n<p>A aeronave havia deixado Salvador rumo a Macei\u00f3, e sobrevoava um povoado em Est\u00e2ncia, no estado de Sergipe, quando se acidentou. Segundo a Ag\u00eancia Nacional de Avia\u00e7\u00e3o Civil (Anac), o avi\u00e3o estava em situa\u00e7\u00e3o regular.<\/p>\n\n\n\n<p>Fabricado em 1974 e com capacidade para quatro pessoas, o Piper PA 28-180 est\u00e1 cadastrado como \u201cPrivada \u2013 Instru\u00e7\u00e3o\u201d na Anac, categoria na qual est\u00e3o avi\u00f5es usados para \u201cinstru\u00e7\u00e3o, adestramento de voo por aeroclubes, clubes ou escolas de avia\u00e7\u00e3o civil\u201d, segundo o Regulamento Brasileiro de Avia\u00e7\u00e3o Civil.<\/p>\n\n\n\n<p>O avi\u00e3o pertence ao Aeroclube de Alagoas e aparece como situa\u00e7\u00e3o \u201cpenhorada\u201d nos registros da Anac \u2013quando h\u00e1 decis\u00e3o judicial ou ordem determinando arresto da aeronave. Mas isso n\u00e3o impede o voo, segundo a Anac<\/p>\n","protected":false},"excerpt":{"rendered":"<p>A aeronave Piper Cherokee PT-KLO, que caiu nesta segunda-feira (27) em Sergipe com o cantor Gabriel Diniz, s\u00f3 poderia fazer fazer voos de treinamento ou&hellip; <\/p>\n","protected":false},"author":1,"featured_media":96768,"comment_status":"closed","ping_status":"closed","sticky":false,"template":"","format":"standard","meta":{"sfsi_plus_gutenberg_text_before_share":"","sfsi_plus_gutenberg_show_text_before_share":"","sfsi_plus_gutenberg_icon_type":"","sfsi_plus_gutenberg_icon_alignemt":"","sfsi_plus_gutenburg_max_per_row":"","footnotes":""},"categories":[2],"tags":[],"class_list":["post-96767","post","type-post","status-publish","format-standard","has-post-thumbnail","hentry","category-geral"],"_links":{"self":[{"href":"https:\/\/www.caririemacao.com\/1\/wp-json\/wp\/v2\/posts\/96767","targetHints":{"allow":["GET"]}}],"collection":[{"href":"https:\/\/www.caririemacao.com\/1\/wp-json\/wp\/v2\/posts"}],"about":[{"href":"https:\/\/www.caririemacao.com\/1\/wp-json\/wp\/v2\/types\/post"}],"author":[{"embeddable":true,"href":"https:\/\/www.caririemacao.com\/1\/wp-json\/wp\/v2\/users\/1"}],"replies":[{"embeddable":true,"href":"https:\/\/www.caririemacao.com\/1\/wp-json\/wp\/v2\/comments?post=96767"}],"version-history":[{"count":1,"href":"https:\/\/www.caririemacao.com\/1\/wp-json\/wp\/v2\/posts\/96767\/revisions"}],"predecessor-version":[{"id":96769,"href":"https:\/\/www.caririemacao.com\/1\/wp-json\/wp\/v2\/posts\/96767\/revisions\/96769"}],"wp:featuredmedia":[{"embeddable":true,"href":"https:\/\/www.caririemacao.com\/1\/wp-json\/wp\/v2\/media\/96768"}],"wp:attachment":[{"href":"https:\/\/www.caririemacao.com\/1\/wp-json\/wp\/v2\/media?parent=96767"}],"wp:term":[{"taxonomy":"category","embeddable":true,"href":"https:\/\/www.caririemacao.com\/1\/wp-json\/wp\/v2\/categories?post=96767"},{"taxonomy":"post_tag","embeddable":true,"href":"https:\/\/www.caririemacao.com\/1\/wp-json\/wp\/v2\/tags?post=96767"}],"curies":[{"name":"wp","href":"https:\/\/api.w.org\/{rel}","templated":true}]}}