{"id":96777,"date":"2019-05-27T18:03:32","date_gmt":"2019-05-27T21:03:32","guid":{"rendered":"http:\/\/www.caririemacao.com\/1\/?p=96777"},"modified":"2019-05-27T18:03:32","modified_gmt":"2019-05-27T21:03:32","slug":"tim-tem-vagas-abertas-para-profissionais-com-deficiencia","status":"publish","type":"post","link":"https:\/\/www.caririemacao.com\/1\/2019\/05\/27\/tim-tem-vagas-abertas-para-profissionais-com-deficiencia\/","title":{"rendered":"TIM tem vagas abertas para profissionais com defici\u00eancia"},"content":{"rendered":"\n<p>A Tim est\u00e1 com vagas de emprego abertas em todo o Brasil para pessoas com defici\u00eancia. Os contratados ter\u00e3o os benef\u00edcios de vale-refei\u00e7\u00e3o, aux\u00edlio creche, assist\u00eancia m\u00e9dica e odontol\u00f3gica.<\/p>\n\n\n\n<p>As vagas s\u00e3o para Consultor de Vendas e de Relacionamento, em lojas pr\u00f3prias da operadora espalhadas por todo o pa\u00eds, e nas unidades de call center pr\u00f3prias, localizados no Rio de Janeiro e no munic\u00edpio de Santo Andr\u00e9, em S\u00e3o Paulo.<\/p>\n\n\n\n<p>Os candidatos devem ser maiores de 18 anos e ter ensino m\u00e9dio completo. S\u00e3o necess\u00e1rios ainda conhecimento intermedi\u00e1rio do pacote Office, interesse por tecnologia e disponibilidade para trabalhar em escala, incluindo s\u00e1bados e domingos. Experi\u00eancia em vendas ou atendimento ao p\u00fablico \u00e9 considerada um diferencial.<\/p>\n\n\n\n<p>A TIM oferece remunera\u00e7\u00e3o vari\u00e1vel compat\u00edvel com o mercado, vale-refei\u00e7\u00e3o e\/ou alimenta\u00e7\u00e3o, assist\u00eancia m\u00e9dica e odontol\u00f3gica, seguro de vida, previd\u00eancia privada, participa\u00e7\u00e3o nos resultados, celular corporativo, folga no dia do anivers\u00e1rio, desconto em academias, auxilio creche, entre outros benef\u00edcios.<\/p>\n\n\n\n<p>Os interessados devem acessar o site&nbsp;<a href=\"http:\/\/www.vagas.com.br\/TIM\">www.vagas.com.br\/TIM<\/a>&nbsp;e se inscrever na vaga de interesse.<\/p>\n","protected":false},"excerpt":{"rendered":"<p>A Tim est\u00e1 com vagas de emprego abertas em todo o Brasil para pessoas com defici\u00eancia. Os contratados ter\u00e3o os benef\u00edcios de vale-refei\u00e7\u00e3o, aux\u00edlio creche,&hellip; <\/p>\n","protected":false},"author":1,"featured_media":96778,"comment_status":"closed","ping_status":"closed","sticky":false,"template":"","format":"standard","meta":{"sfsi_plus_gutenberg_text_before_share":"","sfsi_plus_gutenberg_show_text_before_share":"","sfsi_plus_gutenberg_icon_type":"","sfsi_plus_gutenberg_icon_alignemt":"","sfsi_plus_gutenburg_max_per_row":"","footnotes":""},"categories":[50,2],"tags":[],"class_list":["post-96777","post","type-post","status-publish","format-standard","has-post-thumbnail","hentry","category-destaque","category-geral"],"_links":{"self":[{"href":"https:\/\/www.caririemacao.com\/1\/wp-json\/wp\/v2\/posts\/96777","targetHints":{"allow":["GET"]}}],"collection":[{"href":"https:\/\/www.caririemacao.com\/1\/wp-json\/wp\/v2\/posts"}],"about":[{"href":"https:\/\/www.caririemacao.com\/1\/wp-json\/wp\/v2\/types\/post"}],"author":[{"embeddable":true,"href":"https:\/\/www.caririemacao.com\/1\/wp-json\/wp\/v2\/users\/1"}],"replies":[{"embeddable":true,"href":"https:\/\/www.caririemacao.com\/1\/wp-json\/wp\/v2\/comments?post=96777"}],"version-history":[{"count":1,"href":"https:\/\/www.caririemacao.com\/1\/wp-json\/wp\/v2\/posts\/96777\/revisions"}],"predecessor-version":[{"id":96779,"href":"https:\/\/www.caririemacao.com\/1\/wp-json\/wp\/v2\/posts\/96777\/revisions\/96779"}],"wp:featuredmedia":[{"embeddable":true,"href":"https:\/\/www.caririemacao.com\/1\/wp-json\/wp\/v2\/media\/96778"}],"wp:attachment":[{"href":"https:\/\/www.caririemacao.com\/1\/wp-json\/wp\/v2\/media?parent=96777"}],"wp:term":[{"taxonomy":"category","embeddable":true,"href":"https:\/\/www.caririemacao.com\/1\/wp-json\/wp\/v2\/categories?post=96777"},{"taxonomy":"post_tag","embeddable":true,"href":"https:\/\/www.caririemacao.com\/1\/wp-json\/wp\/v2\/tags?post=96777"}],"curies":[{"name":"wp","href":"https:\/\/api.w.org\/{rel}","templated":true}]}}