{"id":96782,"date":"2019-05-27T18:57:27","date_gmt":"2019-05-27T21:57:27","guid":{"rendered":"http:\/\/www.caririemacao.com\/1\/?p=96782"},"modified":"2019-05-28T01:12:34","modified_gmt":"2019-05-28T04:12:34","slug":"bolsonaro-lamenta-morte-de-gabriel-diniz-deus-receba-de-bracos-abertos","status":"publish","type":"post","link":"https:\/\/www.caririemacao.com\/1\/2019\/05\/27\/bolsonaro-lamenta-morte-de-gabriel-diniz-deus-receba-de-bracos-abertos\/","title":{"rendered":"Bolsonaro lamenta morte de Gabriel Diniz: \u201cDeus receba de bra\u00e7os abertos\u201d"},"content":{"rendered":"\n<figure class=\"wp-block-image\"><img decoding=\"async\" data-src=\"https:\/\/paraibaja.com.br\/wp-content\/uploads\/2019\/05\/xcsm_bolsonaro_gabriel_diniz_foto_divulgacao_e_antonio_cruz_abr_e582c08d73-780x405.jpg.pagespeed.ic.o_8d42Xz3d.webp\" alt=\"\" src=\"data:image\/svg+xml;base64,PHN2ZyB3aWR0aD0iMSIgaGVpZ2h0PSIxIiB4bWxucz0iaHR0cDovL3d3dy53My5vcmcvMjAwMC9zdmciPjwvc3ZnPg==\" class=\"lazyload\" style=\"--smush-placeholder-width: 780px; --smush-placeholder-aspect-ratio: 780\/405;\" \/><\/figure>\n\n\n\n<p>O presidente Jair Bolsonaro lamentou a morte do cantor Gabriel Diniz, 28 anos, e mais dois tripulantes durante um acidente a\u00e9reo em Est\u00e2ncia, cidade sergipana na divisa com a Bahia.<br>Recebo com grande pesar a not\u00edcia do acidente a\u00e9reo ocorrido hoje em Sergipe envolvendo o jovem e talentoso cantor Gabriel Diniz e outros 2 ocupantes. Meus sinceros sentimentos \u00e0s fam\u00edlias das v\u00edtimas. Que Deus receba essas vidas de bra\u00e7os abertos e conforte os cora\u00e7\u00f5es de todos.<\/p>\n\n\n\n<p>\u2014 Jair M. Bolsonaro (@jairbolsonaro)&nbsp;<a href=\"https:\/\/twitter.com\/jairbolsonaro\/status\/1133105376747040775?ref_src=twsrc%5Etfw\">May 27, 2019<\/a><\/p>\n","protected":false},"excerpt":{"rendered":"<p>O presidente Jair Bolsonaro lamentou a morte do cantor Gabriel Diniz, 28 anos, e mais dois tripulantes durante um acidente a\u00e9reo em Est\u00e2ncia, cidade sergipana&hellip; <\/p>\n","protected":false},"author":1,"featured_media":96612,"comment_status":"closed","ping_status":"closed","sticky":false,"template":"","format":"standard","meta":{"sfsi_plus_gutenberg_text_before_share":"","sfsi_plus_gutenberg_show_text_before_share":"","sfsi_plus_gutenberg_icon_type":"","sfsi_plus_gutenberg_icon_alignemt":"","sfsi_plus_gutenburg_max_per_row":"","footnotes":""},"categories":[11],"tags":[],"class_list":["post-96782","post","type-post","status-publish","format-standard","has-post-thumbnail","hentry","category-politica"],"_links":{"self":[{"href":"https:\/\/www.caririemacao.com\/1\/wp-json\/wp\/v2\/posts\/96782","targetHints":{"allow":["GET"]}}],"collection":[{"href":"https:\/\/www.caririemacao.com\/1\/wp-json\/wp\/v2\/posts"}],"about":[{"href":"https:\/\/www.caririemacao.com\/1\/wp-json\/wp\/v2\/types\/post"}],"author":[{"embeddable":true,"href":"https:\/\/www.caririemacao.com\/1\/wp-json\/wp\/v2\/users\/1"}],"replies":[{"embeddable":true,"href":"https:\/\/www.caririemacao.com\/1\/wp-json\/wp\/v2\/comments?post=96782"}],"version-history":[{"count":2,"href":"https:\/\/www.caririemacao.com\/1\/wp-json\/wp\/v2\/posts\/96782\/revisions"}],"predecessor-version":[{"id":96799,"href":"https:\/\/www.caririemacao.com\/1\/wp-json\/wp\/v2\/posts\/96782\/revisions\/96799"}],"wp:featuredmedia":[{"embeddable":true,"href":"https:\/\/www.caririemacao.com\/1\/wp-json\/wp\/v2\/media\/96612"}],"wp:attachment":[{"href":"https:\/\/www.caririemacao.com\/1\/wp-json\/wp\/v2\/media?parent=96782"}],"wp:term":[{"taxonomy":"category","embeddable":true,"href":"https:\/\/www.caririemacao.com\/1\/wp-json\/wp\/v2\/categories?post=96782"},{"taxonomy":"post_tag","embeddable":true,"href":"https:\/\/www.caririemacao.com\/1\/wp-json\/wp\/v2\/tags?post=96782"}],"curies":[{"name":"wp","href":"https:\/\/api.w.org\/{rel}","templated":true}]}}