{"id":96788,"date":"2019-05-27T22:19:40","date_gmt":"2019-05-28T01:19:40","guid":{"rendered":"http:\/\/www.caririemacao.com\/1\/?p=96788"},"modified":"2019-05-27T22:21:21","modified_gmt":"2019-05-28T01:21:21","slug":"moacir-rodrigues-alerta-autoridades-para-a-situacao-do-lixao-em-esperanca","status":"publish","type":"post","link":"https:\/\/www.caririemacao.com\/1\/2019\/05\/27\/moacir-rodrigues-alerta-autoridades-para-a-situacao-do-lixao-em-esperanca\/","title":{"rendered":"Moacir Rodrigues alerta autoridades para a situa\u00e7\u00e3o do Lix\u00e3o em Esperan\u00e7a"},"content":{"rendered":"\n<p>Preocupado com as condi\u00e7\u00f5es de trabalho de um grupo de catadores que fazem a coleta e a separa\u00e7\u00e3o do lixo para sua sobreviv\u00eancia, o deputado estadual, Moacir Rodrigues, esteve nesta segunda-feira (27) visitando o lix\u00e3o na cidade de Esperan\u00e7a.<\/p>\n\n\n\n<figure class=\"wp-block-image\"><img fetchpriority=\"high\" decoding=\"async\" width=\"1024\" height=\"1024\" src=\"http:\/\/www.caririemacao.com\/1\/wp-content\/uploads\/2019\/05\/WhatsApp-Image-2019-05-27-at-20.38.31-1024x1024.jpeg\" alt=\"\" class=\"wp-image-96790\" srcset=\"https:\/\/www.caririemacao.com\/1\/wp-content\/uploads\/2019\/05\/WhatsApp-Image-2019-05-27-at-20.38.31-1024x1024.jpeg 1024w, https:\/\/www.caririemacao.com\/1\/wp-content\/uploads\/2019\/05\/WhatsApp-Image-2019-05-27-at-20.38.31-150x150.jpeg 150w, https:\/\/www.caririemacao.com\/1\/wp-content\/uploads\/2019\/05\/WhatsApp-Image-2019-05-27-at-20.38.31-300x300.jpeg 300w, https:\/\/www.caririemacao.com\/1\/wp-content\/uploads\/2019\/05\/WhatsApp-Image-2019-05-27-at-20.38.31-768x768.jpeg 768w, https:\/\/www.caririemacao.com\/1\/wp-content\/uploads\/2019\/05\/WhatsApp-Image-2019-05-27-at-20.38.31.jpeg 1280w\" sizes=\"(max-width: 1024px) 100vw, 1024px\" \/><\/figure>\n\n\n\n<p>Segundo o deputado Moacir, o lix\u00e3o em Esperan\u00e7a passa por\nalgumas dificuldades, entre elas a m\u00e1quina que faz a remo\u00e7\u00e3o do lixo estar\nquebrada e o local n\u00e3o t\u00eam aterro sanit\u00e1rio e condi\u00e7\u00f5es adequadas, fazendo com\nque o chorume (l\u00edquido t\u00f3xico) escorra pelos len\u00e7\u00f3is fre\u00e1ticos e propriedades\nrurais da regi\u00e3o, prejudicando as condi\u00e7\u00f5es de trabalho daquelas fam\u00edlias que\nbuscam o sustento neste local.<\/p>\n\n\n\n<p>\u201cA situa\u00e7\u00e3o de risco deste lix\u00e3o \u00e9 vis\u00edvel e necessita urgente de aten\u00e7\u00e3o e da visita das autoridades. Vamos continuar trabalhando em defesa do nosso povo, fazendo de nosso mandato uma extens\u00e3o das fam\u00edlias paraibanas\u201d, enfatizou.<\/p>\n","protected":false},"excerpt":{"rendered":"<p>Preocupado com as condi\u00e7\u00f5es de trabalho de um grupo de catadores que fazem a coleta e a separa\u00e7\u00e3o do lixo para sua sobreviv\u00eancia, o deputado&hellip; <\/p>\n","protected":false},"author":2,"featured_media":96789,"comment_status":"closed","ping_status":"closed","sticky":false,"template":"","format":"standard","meta":{"sfsi_plus_gutenberg_text_before_share":"","sfsi_plus_gutenberg_show_text_before_share":"","sfsi_plus_gutenberg_icon_type":"","sfsi_plus_gutenberg_icon_alignemt":"","sfsi_plus_gutenburg_max_per_row":"","footnotes":""},"categories":[2],"tags":[],"class_list":["post-96788","post","type-post","status-publish","format-standard","has-post-thumbnail","hentry","category-geral"],"_links":{"self":[{"href":"https:\/\/www.caririemacao.com\/1\/wp-json\/wp\/v2\/posts\/96788","targetHints":{"allow":["GET"]}}],"collection":[{"href":"https:\/\/www.caririemacao.com\/1\/wp-json\/wp\/v2\/posts"}],"about":[{"href":"https:\/\/www.caririemacao.com\/1\/wp-json\/wp\/v2\/types\/post"}],"author":[{"embeddable":true,"href":"https:\/\/www.caririemacao.com\/1\/wp-json\/wp\/v2\/users\/2"}],"replies":[{"embeddable":true,"href":"https:\/\/www.caririemacao.com\/1\/wp-json\/wp\/v2\/comments?post=96788"}],"version-history":[{"count":2,"href":"https:\/\/www.caririemacao.com\/1\/wp-json\/wp\/v2\/posts\/96788\/revisions"}],"predecessor-version":[{"id":96792,"href":"https:\/\/www.caririemacao.com\/1\/wp-json\/wp\/v2\/posts\/96788\/revisions\/96792"}],"wp:featuredmedia":[{"embeddable":true,"href":"https:\/\/www.caririemacao.com\/1\/wp-json\/wp\/v2\/media\/96789"}],"wp:attachment":[{"href":"https:\/\/www.caririemacao.com\/1\/wp-json\/wp\/v2\/media?parent=96788"}],"wp:term":[{"taxonomy":"category","embeddable":true,"href":"https:\/\/www.caririemacao.com\/1\/wp-json\/wp\/v2\/categories?post=96788"},{"taxonomy":"post_tag","embeddable":true,"href":"https:\/\/www.caririemacao.com\/1\/wp-json\/wp\/v2\/tags?post=96788"}],"curies":[{"name":"wp","href":"https:\/\/api.w.org\/{rel}","templated":true}]}}