{"id":96793,"date":"2019-05-28T00:51:16","date_gmt":"2019-05-28T03:51:16","guid":{"rendered":"http:\/\/www.caririemacao.com\/1\/?p=96793"},"modified":"2019-05-28T00:51:16","modified_gmt":"2019-05-28T03:51:16","slug":"corpo-do-cantor-gabriel-diniz-sera-velado-no-ginasio-publico-de-joao-pessoa-na-paraiba","status":"publish","type":"post","link":"https:\/\/www.caririemacao.com\/1\/2019\/05\/28\/corpo-do-cantor-gabriel-diniz-sera-velado-no-ginasio-publico-de-joao-pessoa-na-paraiba\/","title":{"rendered":"Corpo do cantor Gabriel Diniz ser\u00e1 velado no gin\u00e1sio p\u00fablico de Jo\u00e3o Pessoa, na Para\u00edba"},"content":{"rendered":"\n<p>Gabriel Diniz foi lembrado nesta segunda-feira (27) como uma pessoa extremamente alegre. Ele ia fazer 29 anos em outubro. E estava aproveitando o auge da carreira que ele come\u00e7ou ainda jovem: misturando o forr\u00f3 com sertanejo.<\/p>\n\n\n\n<p>Gabriel Diniz nasceu em Campo Grande, Mato Grosso do Sul. Mudou cedo para Jo\u00e3o Pessoa, na Para\u00edba, estado que o acolheu. Em abril, recebeu o t\u00edtulo de cidad\u00e3o paraibano.<\/p>\n\n\n\n<p>\u201cMinha fam\u00edlia \u00e9 daqui, meus amigos s\u00e3o daqui. Eu moro aqui. Mesmo como disseram: tendo a oportunidade de morar um dia em outros cantos, eu moro na Para\u00edba e gosto demais. E vou levar o nome da Para\u00edba sempre comigo\u201d, disse ele na ocasi\u00e3o.<\/p>\n\n\n\n<p>O amor pela m\u00fasica veio cedo. Chegou at\u00e9 a cursar quatro per\u00edodos da faculdade de engenharia el\u00e9trica, mas GD, como era chamado por f\u00e3s e amigos, largou tudo em troca dos palcos.<\/p>\n\n\n\n<p>Fez parte das bandas Gata Bronzeada, Cavaleiros do Forr\u00f3 e Forr\u00f3 na Farra. Em seguida, partiu para a carreira solo. A mistura de forr\u00f3 com sertanejo era conhecida pelo Nordeste, tanto que participou, em 2015, do S\u00e3o Jo\u00e3o do Nordeste, produzido pela Globo Recife e afiliadas no Nordeste.<\/p>\n\n\n\n<p>Mas s\u00f3 foi no \u00faltimo ver\u00e3o que Gabriel Diniz explodiu o hit \u201cJenifer\u201d. E foi com \u201cJenifer\u201d que ele participou de diversos programas da Rede Globo.<\/p>\n\n\n\n<p>A atriz Mariana Xavier, que participou do clipe \u201cJenifer\u201d, disse em nota: \u201cDormi celebrando a vida, acordei com a not\u00edcia do acidente desse jovem talento no auge de um sucesso que ele generosamente compartilhou comigo\u201d.<\/p>\n\n\n\n<p>O comediante Tirullipa foi um dos primeiros incentivadores de Gabriel Diniz e, junto com Wesley Safad\u00e3o, produziu o primeiro clipe do cantor com a m\u00fasica \u201cLapada lapada\u201d, h\u00e1 uns seis anos. Nesta segunda-feira, Tirullipa falou sobre a perda do amigo.<\/p>\n\n\n\n<p>\u201cGabriel Diniz \u00e9 a pr\u00f3pria alegria. Ele trazia alegria onde ele entrava, qualquer espa\u00e7o em que ele estava, ele deixava o ambiente alegre\u201d.<\/p>\n\n\n\n<p>Na foto do perfil de uma rede social, Wesley Safad\u00e3o estava em luto. Junto com a foto ao lado de Gabriel Diniz, Alcione disse: \u201cEstou passada e chocada com a not\u00edcia da morte\u201d.<\/p>\n\n\n\n<p>Gustavo Lima publicou um v\u00eddeo dos dois juntos e afirmou: \u201cInfelizmente chegou a hora de dar tchau meu irm\u00e3o @gabrieldiniz. Sempre vou lembrar de voc\u00ea assim, o cara que irradiava alegria por onde passava, tristeza n\u00e3o tinha vez com voc\u00ea\u201d.<\/p>\n\n\n\n<p>Preta Gil, junto com um v\u00eddeo de Gabriel Diniz, afirmou: \u201cPensem um garoto genial, talentoso, engra\u00e7ado demais, bom car\u00e1ter e muito mais\u201d.<\/p>\n\n\n\n<p>Ivete Sangalo mandou um v\u00eddeo para a fam\u00edlia: \u201cMandar um abra\u00e7o forte para a fam\u00edlia dele e dizer o quanto estamos tristes com a perda desse grande querido Gabriel Diniz\u201d.<\/p>\n\n\n\n<p>Paulo Lima, presidente da Universal Music Brasil, gravadora de Gabriel Diniz, disse que ele era \u201cum dos maiores artistas em ascens\u00e3o no Brasil, talentoso demais, um ser de muita luz, uma das pessoas mais alegres que conheci em toda a minha vida\u201d.<\/p>\n\n\n\n<p>A nota prossegue afirmando que \u201ca Universal est\u00e1 solid\u00e1ria com a fam\u00edlia e com amigos do cantor, al\u00e9m dos demais tripulantes da aeronave\u201d.<\/p>\n\n\n\n<p>A equipe do JN conversou com o pai do cantor, Cizinato Diniz, que est\u00e1 em Macei\u00f3. A fam\u00edlia ainda cuida da libera\u00e7\u00e3o do corpo. O enterro ser\u00e1 em Jo\u00e3o Pessoa. A previs\u00e3o \u00e9 que o corpo de Gabriel Diniz chegue nesta ter\u00e7a-feira (28) para o vel\u00f3rio no gin\u00e1sio p\u00fablico da cidade, que deve ser acompanhado por centenas de f\u00e3s e amigos.<\/p>\n","protected":false},"excerpt":{"rendered":"<p>Gabriel Diniz foi lembrado nesta segunda-feira (27) como uma pessoa extremamente alegre. Ele ia fazer 29 anos em outubro. E estava aproveitando o auge da&hellip; <\/p>\n","protected":false},"author":2,"featured_media":96794,"comment_status":"closed","ping_status":"closed","sticky":false,"template":"","format":"standard","meta":{"sfsi_plus_gutenberg_text_before_share":"","sfsi_plus_gutenberg_show_text_before_share":"","sfsi_plus_gutenberg_icon_type":"","sfsi_plus_gutenberg_icon_alignemt":"","sfsi_plus_gutenburg_max_per_row":"","footnotes":""},"categories":[50,2],"tags":[],"class_list":["post-96793","post","type-post","status-publish","format-standard","has-post-thumbnail","hentry","category-destaque","category-geral"],"_links":{"self":[{"href":"https:\/\/www.caririemacao.com\/1\/wp-json\/wp\/v2\/posts\/96793","targetHints":{"allow":["GET"]}}],"collection":[{"href":"https:\/\/www.caririemacao.com\/1\/wp-json\/wp\/v2\/posts"}],"about":[{"href":"https:\/\/www.caririemacao.com\/1\/wp-json\/wp\/v2\/types\/post"}],"author":[{"embeddable":true,"href":"https:\/\/www.caririemacao.com\/1\/wp-json\/wp\/v2\/users\/2"}],"replies":[{"embeddable":true,"href":"https:\/\/www.caririemacao.com\/1\/wp-json\/wp\/v2\/comments?post=96793"}],"version-history":[{"count":1,"href":"https:\/\/www.caririemacao.com\/1\/wp-json\/wp\/v2\/posts\/96793\/revisions"}],"predecessor-version":[{"id":96795,"href":"https:\/\/www.caririemacao.com\/1\/wp-json\/wp\/v2\/posts\/96793\/revisions\/96795"}],"wp:featuredmedia":[{"embeddable":true,"href":"https:\/\/www.caririemacao.com\/1\/wp-json\/wp\/v2\/media\/96794"}],"wp:attachment":[{"href":"https:\/\/www.caririemacao.com\/1\/wp-json\/wp\/v2\/media?parent=96793"}],"wp:term":[{"taxonomy":"category","embeddable":true,"href":"https:\/\/www.caririemacao.com\/1\/wp-json\/wp\/v2\/categories?post=96793"},{"taxonomy":"post_tag","embeddable":true,"href":"https:\/\/www.caririemacao.com\/1\/wp-json\/wp\/v2\/tags?post=96793"}],"curies":[{"name":"wp","href":"https:\/\/api.w.org\/{rel}","templated":true}]}}