{"id":96796,"date":"2019-05-28T01:09:04","date_gmt":"2019-05-28T04:09:04","guid":{"rendered":"http:\/\/www.caririemacao.com\/1\/?p=96796"},"modified":"2019-05-28T01:09:04","modified_gmt":"2019-05-28T04:09:04","slug":"estudo-nacional-vai-analisar-praticas-alimentares-e-de-nutricao-infantil","status":"publish","type":"post","link":"https:\/\/www.caririemacao.com\/1\/2019\/05\/28\/estudo-nacional-vai-analisar-praticas-alimentares-e-de-nutricao-infantil\/","title":{"rendered":"Estudo nacional vai analisar pr\u00e1ticas alimentares e de nutri\u00e7\u00e3o infantil"},"content":{"rendered":"\n<p>Quais s\u00e3o os h\u00e1bitos alimentares das crian\u00e7as brasileiras? Essa pergunta ser\u00e1 respondida por meio do Estudo Nacional de Alimenta\u00e7\u00e3o e Nutri\u00e7\u00e3o Infantil (Enani), encomendado pelo Minist\u00e9rio da Sa\u00fade. O Enani \u00e9 uma pesquisa cient\u00edfica domiciliar que mensura e avalia as pr\u00e1ticas de aleitamento materno, consumo alimentar, estado nutricional e as defici\u00eancias de micronutrientes em crian\u00e7as de seis meses a cinco anos em todo o pa\u00eds. O estudo, que j\u00e1 passou por estados como Rio Grande do Sul, Rio de Janeiro, Bahia e Minas Gerais, pretende analisar 15 mil domic\u00edlios em 123 munic\u00edpios brasileiros. Em sua fase atual, est\u00e1 colhendo dados no Paran\u00e1 e no Mato Grosso.<\/p>\n\n\n\n<p>Ao final das pesquisas, o Enani vai tra\u00e7ar um perfil de defici\u00eancia de vitaminas e minerais em crian\u00e7as brasileiras, auxiliando futuramente na elabora\u00e7\u00e3o de pol\u00edticas p\u00fablicas na \u00e1rea de sa\u00fade e nutri\u00e7\u00e3o, al\u00e9m de responder quest\u00f5es como a poss\u00edvel diminui\u00e7\u00e3o da desnutri\u00e7\u00e3o e necessidade na prioriza\u00e7\u00e3o de pol\u00edticas contra a obesidade infantil.<\/p>\n\n\n\n<p>Coordenado pela Universidade Federal do Rio de Janeiro (UFRJ), em parceria com institui\u00e7\u00f5es como Funda\u00e7\u00e3o Oswaldo Cruz, Universidade do Estado do Rio de Janeiro e Universidade Federal Fluminense, o estudo prop\u00f5es que crian\u00e7as passem por exames laboratoriais, como hemograma, marcadores bioqu\u00edmicos, minerais e vitaminas (A, complexo B e D). Eles v\u00e3o auxiliar no diagn\u00f3stico de anemias, doen\u00e7as carenciais, inflamat\u00f3rias e outros problemas relacionados aos h\u00e1bitos alimentares.<\/p>\n\n\n\n<p>Para isso, o Enani conta com o apoio de parceiros em todo territ\u00f3rio nacional, entre eles o Diagn\u00f3sticos do Brasil (DB), um dos maiores laborat\u00f3rios de apoio do pa\u00eds.&nbsp;Com sede nos estados do Paran\u00e1, S\u00e3o Paulo e Pernambuco, o DB \u00e9 respons\u00e1vel tanto pela coleta de sangue das crian\u00e7as durante todo o projeto, como tamb\u00e9m do preparo e transporte dos materiais para as unidades produtivas do laborat\u00f3rio. \u201cFazer parte de um projeto como Enani \u00e9 muito importante para n\u00f3s do Diagn\u00f3sticos do Brasil. S\u00e3o meses de trabalho e dedica\u00e7\u00e3o que, futuramente, resultar\u00e3o em um perfil que ir\u00e1 beneficiar milh\u00f5es de brasileiros\u201d, comenta F\u00e1bio Augusto Kurscheidt, Gerente de Opera\u00e7\u00f5es Estrat\u00e9gicas do DB.<\/p>\n\n\n\n<p>O&nbsp;Diagn\u00f3sticos do Brasil&nbsp;oferece o mais alto padr\u00e3o de qualidade e servi\u00e7os de excel\u00eancia na \u00e1rea de laboratorial com base em uma pol\u00edtica \u00e9tica e respons\u00e1vel, al\u00e9m de uma equipe altamente qualificada para atender a demanda do estudo. \u201cAtuando em todas as \u00e1reas de an\u00e1lises cl\u00ednicas, n\u00f3s possu\u00edmos&nbsp;uma estrutura exclusiva de atendimento, com uma log\u00edstica que permite&nbsp;atender todo o mercado brasileiro com agilidade por meio de dezenas de unidades de atendimento e mais de 400 rotas que atendem, aproximadamente, 1.800 cidades no Brasil e no exterior. Essas caracter\u00edsticas fizeram com que o Diagn\u00f3sticos do Brasil estivesse capacitado para atuar em um projeto do porte do ENANI\u201d, completa Kurscheidt.<\/p>\n\n\n\n<p>Para mais detalhes sobre o ENANI, acesse o site&nbsp;<a href=\"http:\/\/www.enani.nutricao.ufrj.br\/\" target=\"_blank\" rel=\"noreferrer noopener\">www.enani.nutricao.ufrj.br<\/a>.<\/p>\n","protected":false},"excerpt":{"rendered":"<p>Quais s\u00e3o os h\u00e1bitos alimentares das crian\u00e7as brasileiras? Essa pergunta ser\u00e1 respondida por meio do Estudo Nacional de Alimenta\u00e7\u00e3o e Nutri\u00e7\u00e3o Infantil (Enani), encomendado pelo&hellip; <\/p>\n","protected":false},"author":2,"featured_media":96797,"comment_status":"closed","ping_status":"closed","sticky":false,"template":"","format":"standard","meta":{"sfsi_plus_gutenberg_text_before_share":"","sfsi_plus_gutenberg_show_text_before_share":"","sfsi_plus_gutenberg_icon_type":"","sfsi_plus_gutenberg_icon_alignemt":"","sfsi_plus_gutenburg_max_per_row":"","footnotes":""},"categories":[50,16],"tags":[],"class_list":["post-96796","post","type-post","status-publish","format-standard","has-post-thumbnail","hentry","category-destaque","category-saude"],"_links":{"self":[{"href":"https:\/\/www.caririemacao.com\/1\/wp-json\/wp\/v2\/posts\/96796","targetHints":{"allow":["GET"]}}],"collection":[{"href":"https:\/\/www.caririemacao.com\/1\/wp-json\/wp\/v2\/posts"}],"about":[{"href":"https:\/\/www.caririemacao.com\/1\/wp-json\/wp\/v2\/types\/post"}],"author":[{"embeddable":true,"href":"https:\/\/www.caririemacao.com\/1\/wp-json\/wp\/v2\/users\/2"}],"replies":[{"embeddable":true,"href":"https:\/\/www.caririemacao.com\/1\/wp-json\/wp\/v2\/comments?post=96796"}],"version-history":[{"count":1,"href":"https:\/\/www.caririemacao.com\/1\/wp-json\/wp\/v2\/posts\/96796\/revisions"}],"predecessor-version":[{"id":96798,"href":"https:\/\/www.caririemacao.com\/1\/wp-json\/wp\/v2\/posts\/96796\/revisions\/96798"}],"wp:featuredmedia":[{"embeddable":true,"href":"https:\/\/www.caririemacao.com\/1\/wp-json\/wp\/v2\/media\/96797"}],"wp:attachment":[{"href":"https:\/\/www.caririemacao.com\/1\/wp-json\/wp\/v2\/media?parent=96796"}],"wp:term":[{"taxonomy":"category","embeddable":true,"href":"https:\/\/www.caririemacao.com\/1\/wp-json\/wp\/v2\/categories?post=96796"},{"taxonomy":"post_tag","embeddable":true,"href":"https:\/\/www.caririemacao.com\/1\/wp-json\/wp\/v2\/tags?post=96796"}],"curies":[{"name":"wp","href":"https:\/\/api.w.org\/{rel}","templated":true}]}}