{"id":96800,"date":"2019-05-28T01:28:16","date_gmt":"2019-05-28T04:28:16","guid":{"rendered":"http:\/\/www.caririemacao.com\/1\/?p=96800"},"modified":"2019-05-28T01:28:16","modified_gmt":"2019-05-28T04:28:16","slug":"divulgada-programacao-da-festa-de-santo-antonio-em-camalau","status":"publish","type":"post","link":"https:\/\/www.caririemacao.com\/1\/2019\/05\/28\/divulgada-programacao-da-festa-de-santo-antonio-em-camalau\/","title":{"rendered":"Divulgada programa\u00e7\u00e3o da Festa de Santo Ant\u00f4nio em Camala\u00fa"},"content":{"rendered":"\n<p>Uma das festividades mais tradicionais do Cariri paraibano\nteve sua programa\u00e7\u00e3o confirmada nesta segunda-feira (28).<\/p>\n\n\n\n<p>A Tradicional \u201cFesta de Santo Ant\u00f4nio\u201d em Camala\u00fa ser\u00e1\nrealizado entre os dias 01 e 15 de Junho, e contar\u00e1 com uma variada programa\u00e7\u00e3o,\niniciando com a tradicional Cavalgada.<\/p>\n\n\n\n<p>Durante a programa\u00e7\u00e3o acontecer\u00e3o as novenas, II Maratona de\nSanto Ant\u00f4nio, mutir\u00e3o comunit\u00e1rio para a constru\u00e7\u00e3o da igreja de Santo Ant\u00f4nio,\nno Alto de Santo Ant\u00f4nio, Maratona de Forr\u00f3, com a Banda Gente Boa, que se\nprolongar\u00e1 at\u00e9 a noite de 16 de junho, onde a partir das 01h haver\u00e1 shows com Fabiana\nSouto, Farra Mil, Marra dos Patr\u00f5es, Deivid do Acordeom.<\/p>\n\n\n\n<p>Ainda haver\u00e1 a entrega do 11\u00ba Pr\u00eamio Camalauense de Cultura e\nArte, tendo como homenageado especial Jakcson do Pandeiro, com a participa\u00e7\u00e3o\nde todos os artistas da comunidade. Tamb\u00e9m no domingo, dia 15, ter\u00e1 o Concurso\nde Forr\u00f3, com distribui\u00e7\u00e3o de pr\u00eamios para os primeiros colocados e a participa\u00e7\u00e3o\ndas bandas Forr\u00f3 100 e Rubi\u00eanio Catanha.<\/p>\n\n\n\n<p><strong>CONFIRA ABAIXO TODA A PROGRAMA\u00c7\u00c3O<\/strong><\/p>\n\n\n\n<p><strong>02 de junho (domingo)<\/strong><\/p>\n\n\n\n<p> 08:00 horas: Abertura da FESTA de SANTO ANT\u00d4NIO, com a<br> 6\u00aa Cavalgada de Santo Ant\u00f4nio, organizada pelo Sr. Sandro<br> M\u00f4co e amigos, saindo da Fazenda da Serra (resid\u00eancia do Sr.<br> Ant\u00f4nio M\u00f4co e de Dona Lourdes) at\u00e9 a cidade de Camala\u00fa\u2026<\/p>\n\n\n\n<p>\u00c0 tarde, no Parque \u201cZ\u00e9 Tourinho\u201d (do Sr. \u201cNando\u201d), haver\u00e1\nmuito<br>\nchurrasco e forr\u00f3 animado pelas banda PEGADA E SEGURA E EDY E NATHAN<\/p>\n\n\n\n<p><strong>03 de junho (segunda-feira)<\/strong><\/p>\n\n\n\n<p><strong><br><\/strong> 18:00 horas: Festividades religiosas, no Cruzeiro de Santo<br> Ant\u00f4nio (Rua Duque de Caxias \u2013 Camala\u00fa\/PB), seguida de<br> prociss\u00e3o, passando pela resid\u00eancia de \u201cCobrinha\u201d e Dona<br> Maria, at\u00e9 a resid\u00eancia dos professores Ezequiel S\u00f3stenes e<br> Rosinha, Jo\u00e3o de Deus e Duca, no Alto de Santo Ant\u00f4nio, onde<br> haver\u00e1 a celebra\u00e7\u00e3o festiva. Participa\u00e7\u00e3o dos Bacamarteiros de<br> Santo Ant\u00f4nio e Banda de P\u00edfanos Manoel de Joana.<\/p>\n\n\n\n<p><strong>04 de junho (ter\u00e7a-feira)<\/strong><\/p>\n\n\n\n<p><strong><br><\/strong> 10:00 horas: Festividades no S\u00edtio Ro\u00e7a Velha, na resid\u00eancia<br> do Sr. Ant\u00f4nio Daniel (pr\u00f3xima \u00e0 antiga resid\u00eancia do grande<br> zabumbeiro Daniel Domingos).<\/p>\n\n\n\n<p>17:00 horas: Prociss\u00e3o festiva, da resid\u00eancia de Ant\u00f4nio<br>\nDaniel at\u00e9 a resid\u00eancia do Sr. Jos\u00e9 Fernando Farias e Dona<br>\nAlda Maria Bezerra, onde haver\u00e1 celebra\u00e7\u00e3o festiva \u00e0 noite.<\/p>\n\n\n\n<p><strong>05 de junho (quarta-feira)<\/strong><\/p>\n\n\n\n<p><strong><br><\/strong> 08:00 horas: In\u00edcio de um grande mutir\u00e3o para a constru\u00e7\u00e3o<br> da igreja de Nossa Senhora Aparecida, no s\u00edtio Ro\u00e7a Nova.<\/p>\n\n\n\n<p>17:00 horas: Celebra\u00e7\u00e3o, em A\u00e7\u00e3o de Gra\u00e7as, no S\u00edtio Ro\u00e7a<br>\nNova, no local da constru\u00e7\u00e3o da nova igreja.<\/p>\n\n\n\n<p>19:00 horas: Chegada da caravana da Festa \u00e0 capela de S\u00e3o<br>\nBraz, no S\u00edtio Lajinha (Congo\/PB), seguida de prociss\u00e3o e<br>\ncelebra\u00e7\u00e3o festiva na Associa\u00e7\u00e3o dos Pescadores.<\/p>\n\n\n\n<p><strong>06 de junho (quinta-feira)<\/strong><\/p>\n\n\n\n<p>19:00 horas: Celebra\u00e7\u00e3o religiosa festiva no S\u00edtio Moc\u00f3, na<br>\nresid\u00eancia de Lusimar Nunes de Sousa. Participa\u00e7\u00e3o dos<br>\nbacamarteiros e da Banda de P\u00edfanos Manoel de Joana.<\/p>\n\n\n\n<p><strong>07 de junho (sexta-feira)<\/strong><\/p>\n\n\n\n<p><strong><br><\/strong> 06:00 horas: Sa\u00edda da Caravana de Santo Ant\u00f4nio, de<br> Camala\u00fa, que far\u00e1 celebra\u00e7\u00f5es religiosas po\u00e9ticas nas<br> comunidades cat\u00f3licas das cidades do Congo (07:00 horas);<br> Cara\u00fabas (09:00 horas); Coxixola (11:00 horas); Serra<br> Branca (13:00 horas); Sum\u00e9 (15:00 horas); Amparo (17:00<br> horas); Ouro Velho (19:00 horas) e Prata (21:00 horas).<\/p>\n\n\n\n<p><strong>08 de junho (s\u00e1bado)<\/strong><\/p>\n\n\n\n<p><strong><br><\/strong> 06:00 horas: Sa\u00edda da Caravana de Santo Ant\u00f4nio que far\u00e1<br> celebra\u00e7\u00f5es religiosas po\u00e9ticas nas comunidades cat\u00f3licas das<br> cidades de Monteiro (07:00 horas); Zabel\u00ea (10:00 horas); S\u00e3o<br> Sebasti\u00e3o do Umbuzeiro (12:00 horas); S\u00e3o Jo\u00e3o do Tigre<br> (14:00 horas); Cacimbinha (16:00 horas) Jata\u00faba\/PE (18:00<br> horas) e Pindur\u00e3o (20:00 horas), onde haver\u00e1 celebra\u00e7\u00e3o<br> religiosa festiva na igreja local, seguida de um animado forr\u00f3<br> em pra\u00e7a p\u00fablica com Nathan Moraes e Forr\u00f3 100<\/p>\n\n\n\n<p><strong>09 de junho (domingo)<\/strong><\/p>\n\n\n\n<p>08:00 horas: In\u00edcio da II Maratona de Santo Ant\u00f4nio, na\ncidade<br>\nde Camala\u00fa, com a colabora\u00e7\u00e3o especial da FACILNET\u2026<\/p>\n\n\n\n<p>16:00 horas: Festividades nos S\u00edtios Caranguejo e Cangalha,<br>\nna resid\u00eancia Sr. Jos\u00e9 Marcelo Farias e Dona Zefinha de<br>\nMarcelo, com celebra\u00e7\u00e3o religiosa \u00e0s 18:00 horas, seguida de<br>\nleil\u00e3o e prociss\u00e3o at\u00e9 a resid\u00eancia de Nem Chico (\u00e0s 20:00<br>\nhoras), onde haver\u00e1 leil\u00e3o e um animado forr\u00f3.<\/p>\n\n\n\n<p><strong>10 de junho (segunda-feira)<\/strong><\/p>\n\n\n\n<p> 19:00 horas: Celebra\u00e7\u00e3o na resid\u00eancia do Sr. Ant\u00f4nio<br> Bernardo da Silva e Dona Jaidete Bezerra Bernardo, no<br> Assentamento Novo Mundo \u2013 Camala\u00fa\/PB. Participa\u00e7\u00e3o dos<br> bacamarteiros e da Banda de P\u00edfanos Daniel Domingos.<\/p>\n\n\n\n<p><strong>11 de junho (ter\u00e7a-feira)<\/strong><\/p>\n\n\n\n<p> 19:00 horas: Celebra\u00e7\u00e3o festiva no Assentamento Mandacaru<br> (Feij\u00e3o \u2013 Sum\u00e9\/PB), na resid\u00eancia do Sr. Heleno Pinto e Dona<br> Maria de Lourdes. Participa\u00e7\u00e3o dos Bacamarteiros de Santo<br> Ant\u00f4nio e da Banda de P\u00edfanos Daniel Domingos.<\/p>\n\n\n\n<p><strong>12 de junho (quarta-feira)<\/strong><\/p>\n\n\n\n<p> 09:00 horas: Visita ao Santu\u00e1rio de Nossa Senhora Aparecida<br> (dirigido pelo Sr. Ademildo, Esposa e Amigos), nas margens do<br> A\u00e7ude P\u00fablico de Camala\u00fa, onde haver\u00e1 celebra\u00e7\u00e3o religiosa,<br> acompanhada pela Banda de P\u00edfanos Daniel Domingos.<\/p>\n\n\n\n<p>19:00 horas: Celebra\u00e7\u00e3o festiva no S\u00edtio Viegas, na\nresid\u00eancia<br>\ndo casal de professores Marden Souza e Sandra Freitas.<br>\nComemora\u00e7\u00f5es especiais da Festa Junina na Ro\u00e7a\u2026<\/p>\n\n\n\n<p><strong>13 de junho (quinta-feira)<\/strong><\/p>\n\n\n\n<p><strong><br><\/strong> 05:00 horas: Alvorada Festiva, com os bacamarteiros e a<br> Banda de P\u00edfanos Manoel de Joana.<\/p>\n\n\n\n<p>08:00 horas: Palestras educativas nas Escolas Municipais<br>\nFrancisco Chaves Ventura e Odete Maciel Firmo (10:00 horas),<br>\nsobre \u201cA Origem e o Significado da Festa de Santo Ant\u00f4nio em<br>\nCamala\u00fa\u201d. \u00c0s 13:00 horas e 15:00 horas, as palestras ser\u00e3o<br>\nrealizadas com as turmas da tarde, nas mesmas escolas.<\/p>\n\n\n\n<p>17:30 horas: Missa solene de Santo Ant\u00f4nio, na igreja de S\u00e3o<br>\nJos\u00e9, celebrada pelo Padre Ednaldo Gomes, seguida de<br>\nProciss\u00e3o at\u00e9 o Cruzeiro de Santo Ant\u00f4nio.<\/p>\n\n\n\n<p>20:00 horas: Retreta com a Banda Filarm\u00f4nica do Maestro<br>\nGede\u00e3o Faustino, no CEHAGRO, seguida de apresenta\u00e7\u00f5es<br>\npo\u00e9ticas e de grupos folcl\u00f3ricos, inclusive da Banda \u201cLata<br>\nVelha\u201d, da cidade de Zabel\u00ea, etc.<\/p>\n\n\n\n<p><strong>14 de junho (sexta-feira)<\/strong><\/p>\n\n\n\n<p><strong><br><\/strong> 07:00 horas: Grande mutir\u00e3o comunit\u00e1rio para a constru\u00e7\u00e3o<br> da igreja de Santo Ant\u00f4nio, no Alto de Santo Ant\u00f4nio \u2013 Camala\u00fa<br> \/ PB, durante todo o dia.<\/p>\n\n\n\n<p>19:00 horas: Comemora\u00e7\u00f5es festivas patrocinadas pela<br>\nSecretaria de Trabalho e A\u00e7\u00e3o Social da Prefeitura Municipal de<br>\nCamala\u00fa, no Alto de Santo Ant\u00f4nio \u2013 Camala\u00fa \/ PB.<\/p>\n\n\n\n<p><strong>15 de junho (s\u00e1bado) \u2013 DIA DA GRANDE FESTA!<\/strong><\/p>\n\n\n\n<p>05:00 horas: Alvorada festiva com a Banda Filarm\u00f4nica da<br>\ncidade de Sum\u00e9 e a Banda de P\u00edfanos Daniel Domingos.<\/p>\n\n\n\n<p>08:00 horas: Festa para as crian\u00e7as, no CEHAGRO, com a<br>\nabertura gratuita do Parque de Divers\u00f5es S\u00e3o Jos\u00e9, e<br>\ndistribui\u00e7\u00e3o de lanches para as mesmas.<\/p>\n\n\n\n<p>10:00 horas: Retreta com a Banda Filarm\u00f4nica da cidade de<br>\nSum\u00e9, no CEHAGRO, e in\u00edcio das atividades da A\u00e7\u00e3o<br>\nBeneficente e Cultural dos Amigos de Santo Ant\u00f4nio<br>\n(distribui\u00e7\u00e3o de alimentos, roupas, cal\u00e7ados, etc., arrecadados<br>\nno decorrer da Festa) para dezenas de fam\u00edlias carentes, com a<br>\nparticipa\u00e7\u00e3o do Cap\u00edtulo Pr\u00edncipe dos Cariris n\u00ba 750, da Ordem<br>\nDemolay, e do Bethel n\u00ba 009 Flor do Mandacaru, da Ordem<br>\nInternacional das Filhas de J\u00f3.<\/p>\n\n\n\n<p>19:00 horas: Apresenta\u00e7\u00f5es folcl\u00f3ricas, no CEHAGRO: Grupo<br>\nNativos de S\u00e3o Sebasti\u00e3o do Umbuzeiro; Junina \u2013 Amantes da<br>\nDan\u00e7a de S\u00e3o Jos\u00e9 dos Cordeiros.<\/p>\n\n\n\n<p>20:00 horas: Sorteio de pr\u00eamios, em favor da Festa.<\/p>\n\n\n\n<p>22:00 horas: Abertura da Maratona de Forr\u00f3, com a Banda\nGente<br>\nBoa, que se prolongar\u00e1 at\u00e9 a noite de 16 de junho.<br>\n16 de junho (domingo).<\/p>\n\n\n\n<p>01:00 hora: Continua\u00e7\u00e3o do Grande Forr\u00f3, tocando \u2013 pela<br>\nordem \u2013 as seguintes bandas: Fabiana Souto, Farra Mil, Marra<br>\ndos Patr\u00f5es, Deivid do Acordeom\u2026<\/p>\n\n\n\n<p>12:00 horas: Entrega do 11\u00ba Pr\u00eamio Camalauense de Cultura<br>\ne Arte, tendo como homenageado especial Jakcson do Pandeiro,<br>\ncom a participa\u00e7\u00e3o de todos os artistas da comunidade.<\/p>\n\n\n\n<p>14:00 horas: Concurso de Forr\u00f3, com distribui\u00e7\u00e3o de pr\u00eamios<br>\npara os primeiros colocados. Participa\u00e7\u00e3o das bandas Forr\u00f3 100<br>\ne Rubi\u00eanio Catanha.<\/p>\n\n\n\n<p>22:00 horas: Encerramento da FESTA.<\/p>\n","protected":false},"excerpt":{"rendered":"<p>Uma das festividades mais tradicionais do Cariri paraibano teve sua programa\u00e7\u00e3o confirmada nesta segunda-feira (28). A Tradicional \u201cFesta de Santo Ant\u00f4nio\u201d em Camala\u00fa ser\u00e1 realizado&hellip; <\/p>\n","protected":false},"author":2,"featured_media":96801,"comment_status":"closed","ping_status":"closed","sticky":false,"template":"","format":"standard","meta":{"sfsi_plus_gutenberg_text_before_share":"","sfsi_plus_gutenberg_show_text_before_share":"","sfsi_plus_gutenberg_icon_type":"","sfsi_plus_gutenberg_icon_alignemt":"","sfsi_plus_gutenburg_max_per_row":"","footnotes":""},"categories":[6,50],"tags":[],"class_list":["post-96800","post","type-post","status-publish","format-standard","has-post-thumbnail","hentry","category-cidades","category-destaque"],"_links":{"self":[{"href":"https:\/\/www.caririemacao.com\/1\/wp-json\/wp\/v2\/posts\/96800","targetHints":{"allow":["GET"]}}],"collection":[{"href":"https:\/\/www.caririemacao.com\/1\/wp-json\/wp\/v2\/posts"}],"about":[{"href":"https:\/\/www.caririemacao.com\/1\/wp-json\/wp\/v2\/types\/post"}],"author":[{"embeddable":true,"href":"https:\/\/www.caririemacao.com\/1\/wp-json\/wp\/v2\/users\/2"}],"replies":[{"embeddable":true,"href":"https:\/\/www.caririemacao.com\/1\/wp-json\/wp\/v2\/comments?post=96800"}],"version-history":[{"count":1,"href":"https:\/\/www.caririemacao.com\/1\/wp-json\/wp\/v2\/posts\/96800\/revisions"}],"predecessor-version":[{"id":96802,"href":"https:\/\/www.caririemacao.com\/1\/wp-json\/wp\/v2\/posts\/96800\/revisions\/96802"}],"wp:featuredmedia":[{"embeddable":true,"href":"https:\/\/www.caririemacao.com\/1\/wp-json\/wp\/v2\/media\/96801"}],"wp:attachment":[{"href":"https:\/\/www.caririemacao.com\/1\/wp-json\/wp\/v2\/media?parent=96800"}],"wp:term":[{"taxonomy":"category","embeddable":true,"href":"https:\/\/www.caririemacao.com\/1\/wp-json\/wp\/v2\/categories?post=96800"},{"taxonomy":"post_tag","embeddable":true,"href":"https:\/\/www.caririemacao.com\/1\/wp-json\/wp\/v2\/tags?post=96800"}],"curies":[{"name":"wp","href":"https:\/\/api.w.org\/{rel}","templated":true}]}}