{"id":96803,"date":"2019-05-28T06:09:24","date_gmt":"2019-05-28T09:09:24","guid":{"rendered":"http:\/\/www.caririemacao.com\/1\/?p=96803"},"modified":"2019-05-28T06:09:24","modified_gmt":"2019-05-28T09:09:24","slug":"laeb-difunde-conhecimentos-para-agricultores-de-taperoa","status":"publish","type":"post","link":"https:\/\/www.caririemacao.com\/1\/2019\/05\/28\/laeb-difunde-conhecimentos-para-agricultores-de-taperoa\/","title":{"rendered":"LAEB difunde conhecimentos para agricultores de Tapero\u00e1"},"content":{"rendered":"\n<p><strong> <\/strong><\/p>\n\n\n\n<p>Na \u00faltima sexta-feira, 24 de maio, o Laborat\u00f3rio de Ecologia e Bot\u00e2nica do Centro de Desenvolvimento Sustent\u00e1vel do Semi\u00e1rido da UFCG recebeu a visita de um grupo de agricultores do munic\u00edpio de Tapero\u00e1 acompanhados pelo secret\u00e1rio de Agricultura daquele munic\u00edpio com o objetivo de conhecerem os projetos do laborat\u00f3rio para replica\u00e7\u00e3o da experi\u00eancia do LAEB.<\/p>\n\n\n\n<p>Na oportunidade foi discutida uma parceria para o desenvolvimento de a\u00e7\u00f5es do LAEB\/UFCG com o munic\u00edpio para a distribui\u00e7\u00e3o de mudas produzidas no laborat\u00f3rio, bem como a\u00e7\u00f5es de sustentabilidade.<\/p>\n\n\n\n<p>\u201cComo coordenadora do LAEB, achei extremamente positiva essa visita, porque o Centro de Desenvolvimento Sustent\u00e1vel do Semi\u00e1rido est\u00e1 passando conhecimento t\u00e9cnico e associando a isso, a possibilidade de estarmos recuperando \u00e1reas degradadas, revertendo fatores de degrada\u00e7\u00e3o e dando possibilidade de desenvolvimento e sustentabilidade Regional. S\u00e3o modelos de pesquisa que est\u00e3o intimamente j\u00e1 assinados com processos difus\u00e3o do conhecimento\u201d, disse a professora Alecksandra Vieira de Lacerda, coordenadora do Laborat\u00f3rio.<\/p>\n\n\n\n<p>\u201cEstamos cumprindo a nossa nossa fun\u00e7\u00e3o maior e do nosso Laborat\u00f3rio, difundindo conhecimento t\u00e9cnico sobre produ\u00e7\u00e3o vegetal, conhecimentos que s\u00e3o repassados por grupos de alunos dos cursos de Engenharia de Biossistemas, Engenharia de Biotecnologia e Bioprocessos e do Curso Superior de Tecnologia em Agroecologia do CDSA, para esses agricultores familiares\u201d, concluiu a professora.<\/p>\n\n\n\n<p>\u201cDestacamos a import\u00e2ncia dessa visita para o nosso munic\u00edpio para que os produtores reconhe\u00e7am e absorvam esse conhecimento sobre as plantas nativas, passado pelos membros desse Laborat\u00f3rio a cada integrante da Associa\u00e7\u00e3o do Assentamento Ju\u00e1 para que eles absorvam e coloquem em pr\u00e1tica na sua comunidade e assim, futuramente, possam ter um melhor conv\u00edvio com a natureza\u201d, disse o secret\u00e1rio de Agricultura de Tapero\u00e1, Aelson Diniz. \u201cNossa inten\u00e7\u00e3o, em parceria com a UFCG, \u00e9 a replica\u00e7\u00e3o desse trabalho desenvolvido pelo LAEB em nossas comunidades. A prefeitura de Tapero\u00e1 e a Secretaria de Agricultura estar\u00e3o dispostas para a intera\u00e7\u00e3o e botar em pr\u00e1tica o conhecimento que foi aqui adquirido\u201d.<\/p>\n\n\n\n<p>(Rosenato Barreto \u2013 Assimp CDSA\/UFCG)<\/p>\n","protected":false},"excerpt":{"rendered":"<p>Na \u00faltima sexta-feira, 24 de maio, o Laborat\u00f3rio de Ecologia e Bot\u00e2nica do Centro de Desenvolvimento Sustent\u00e1vel do Semi\u00e1rido da UFCG recebeu a visita de&hellip; <\/p>\n","protected":false},"author":1,"featured_media":96804,"comment_status":"closed","ping_status":"closed","sticky":false,"template":"","format":"standard","meta":{"sfsi_plus_gutenberg_text_before_share":"","sfsi_plus_gutenberg_show_text_before_share":"","sfsi_plus_gutenberg_icon_type":"","sfsi_plus_gutenberg_icon_alignemt":"","sfsi_plus_gutenburg_max_per_row":"","footnotes":""},"categories":[50,14],"tags":[],"class_list":["post-96803","post","type-post","status-publish","format-standard","has-post-thumbnail","hentry","category-destaque","category-educacao"],"_links":{"self":[{"href":"https:\/\/www.caririemacao.com\/1\/wp-json\/wp\/v2\/posts\/96803","targetHints":{"allow":["GET"]}}],"collection":[{"href":"https:\/\/www.caririemacao.com\/1\/wp-json\/wp\/v2\/posts"}],"about":[{"href":"https:\/\/www.caririemacao.com\/1\/wp-json\/wp\/v2\/types\/post"}],"author":[{"embeddable":true,"href":"https:\/\/www.caririemacao.com\/1\/wp-json\/wp\/v2\/users\/1"}],"replies":[{"embeddable":true,"href":"https:\/\/www.caririemacao.com\/1\/wp-json\/wp\/v2\/comments?post=96803"}],"version-history":[{"count":1,"href":"https:\/\/www.caririemacao.com\/1\/wp-json\/wp\/v2\/posts\/96803\/revisions"}],"predecessor-version":[{"id":96805,"href":"https:\/\/www.caririemacao.com\/1\/wp-json\/wp\/v2\/posts\/96803\/revisions\/96805"}],"wp:featuredmedia":[{"embeddable":true,"href":"https:\/\/www.caririemacao.com\/1\/wp-json\/wp\/v2\/media\/96804"}],"wp:attachment":[{"href":"https:\/\/www.caririemacao.com\/1\/wp-json\/wp\/v2\/media?parent=96803"}],"wp:term":[{"taxonomy":"category","embeddable":true,"href":"https:\/\/www.caririemacao.com\/1\/wp-json\/wp\/v2\/categories?post=96803"},{"taxonomy":"post_tag","embeddable":true,"href":"https:\/\/www.caririemacao.com\/1\/wp-json\/wp\/v2\/tags?post=96803"}],"curies":[{"name":"wp","href":"https:\/\/api.w.org\/{rel}","templated":true}]}}