{"id":96811,"date":"2019-05-28T06:14:24","date_gmt":"2019-05-28T09:14:24","guid":{"rendered":"http:\/\/www.caririemacao.com\/1\/?p=96811"},"modified":"2019-05-28T06:14:24","modified_gmt":"2019-05-28T09:14:24","slug":"vacinacao-contra-a-gripe-na-paraiba-ja-atingiu-795-do-grupo-alvo","status":"publish","type":"post","link":"https:\/\/www.caririemacao.com\/1\/2019\/05\/28\/vacinacao-contra-a-gripe-na-paraiba-ja-atingiu-795-do-grupo-alvo\/","title":{"rendered":"Vacina\u00e7\u00e3o contra a gripe na Para\u00edba j\u00e1 atingiu 79,5% do grupo-alvo"},"content":{"rendered":"\n<p>A poucos dias do encerramento da campanha nacional de vacina\u00e7\u00e3o contra a gripe,&nbsp;79,56%&nbsp;do p\u00fablico-alvo j\u00e1 foram aos postos de sa\u00fade se imunizar, na Para\u00edba. No Brasil, o patamar de vacina\u00e7\u00e3o est\u00e1 em&nbsp;71,6% do p\u00fablico-alvo.&nbsp;A campanha termina na sexta-feira (31).&nbsp;<\/p>\n\n\n\n<p>Entre os grupos priorit\u00e1rios est\u00e3o beb\u00eas, mulheres gr\u00e1vidas, idosos e profissionais das for\u00e7as de seguran\u00e7a.<\/p>\n\n\n\n<p>A meta&nbsp;\u00e9 vacinar 90% do p\u00fablico-alvo, formado por&nbsp;1.185.997 pessoas na Para\u00edba. Um total de&nbsp;943.573 j\u00e1 se imunizaram, segundo dados atualizados at\u00e9 esta segunda-feira (27). Portanto, de acordo com o Minist\u00e9rio da Sa\u00fade, mais de 242 mil pessoas na Para\u00edba ainda precisam procurar a unidade de sa\u00fade mais pr\u00f3xima para se protegerem.<\/p>\n\n\n\n<p>No Pa\u00eds, a meta \u00e9 vacinar&nbsp;59,4 milh\u00f5es de pessoas, o que significa que&nbsp;16,8 milh\u00f5es de pessoas ainda precisam se vacinar.<\/p>\n\n\n\n<p><strong>Tabela de cobertura vacinal por UF \u2013 Dados at\u00e9 27 de maio<\/strong><\/p>\n\n\n\n<figure class=\"wp-block-image\"><img decoding=\"async\" data-src=\"https:\/\/www.clickpb.com.br\/media\/filer_public\/24\/03\/2403d5f8-b354-4680-9914-83aacdbb9f6b\/tab.png\" alt=\"\" src=\"data:image\/svg+xml;base64,PHN2ZyB3aWR0aD0iMSIgaGVpZ2h0PSIxIiB4bWxucz0iaHR0cDovL3d3dy53My5vcmcvMjAwMC9zdmciPjwvc3ZnPg==\" class=\"lazyload\" \/><\/figure>\n\n\n\n<figure class=\"wp-block-image\"><img decoding=\"async\" data-src=\"https:\/\/www.clickpb.com.br\/media\/filer_public\/f4\/c2\/f4c2ee3e-f4d3-405c-a037-e832f77a8c25\/tab_2.png\" alt=\"\" src=\"data:image\/svg+xml;base64,PHN2ZyB3aWR0aD0iMSIgaGVpZ2h0PSIxIiB4bWxucz0iaHR0cDovL3d3dy53My5vcmcvMjAwMC9zdmciPjwvc3ZnPg==\" class=\"lazyload\" \/><\/figure>\n\n\n\n<p><strong>Balan\u00e7o&nbsp;<\/strong><br><\/p>\n\n\n\n<p>Entre a popula\u00e7\u00e3o priorit\u00e1ria, os funcion\u00e1rios do sistema prisional registraram a maior cobertura vacinal, com 101,6 mil doses aplicadas, o que representa 89,7% deste p\u00fablico, seguido pelas pu\u00e9rperas (88,6%), ind\u00edgenas (82,0%), idosos (80,6%) e professores (78,1%).<\/p>\n\n\n\n<p>Os grupos que menos se vacinaram foram os profissionais das for\u00e7as de seguran\u00e7a e salvamento (30%), popula\u00e7\u00e3o privada de liberdade (47,2%), pessoas com comorbidades (63,4%), trabalhadores de sa\u00fade (69,9%), gestantes (68,8%) e crian\u00e7as (67,6%).<\/p>\n\n\n\n<p>Tamb\u00e9m est\u00e3o entre os estados com maior cobertura, at\u00e9 o momento, Amazonas (93,6%), Amap\u00e1 (85,5%), Esp\u00edrito Santo (75,3%), Alagoas (73,4%), Rond\u00f4nia (72,6%) e Pernambuco (72,2%).<\/p>\n\n\n\n<p>Os com menor cobertura s\u00e3o Rio de Janeiro (45,8%), Acre (49,7%), S\u00e3o Paulo (57,0%), Roraima (57,4%) e Par\u00e1 (59,2%).<\/p>\n\n\n\n<p><strong>Quem deve se vacinar&nbsp; &nbsp;&nbsp;<\/strong><\/p>\n\n\n\n<p>Devem receber a dose de vacina crian\u00e7as com idade entre 6 meses e menores de 6 anos; gr\u00e1vidas em qualquer per\u00edodo gestacional; pu\u00e9rperas (at\u00e9 45 dias ap\u00f3s o parto); trabalhadores da sa\u00fade; povos ind\u00edgenas; idosos; professores de escolas p\u00fablicas e privadas; pessoas com comorbidades e outras condi\u00e7\u00f5es cl\u00ednicas especiais; adolescentes e jovens de 12 a 21 anos sob medidas socioeducativas; funcion\u00e1rios do sistema prisional e pessoas privadas de liberdade.<\/p>\n\n\n\n<p>Profissionais das for\u00e7as de seguran\u00e7a e salvamento tamb\u00e9m passaram a fazer parte do p\u00fablico-alvo da campanha neste ano. O grupo inclui policiais civis, militares, bombeiros e membros ativos das For\u00e7as Armadas, totalizando cerca de 900 mil pessoas.<\/p>\n","protected":false},"excerpt":{"rendered":"<p>A poucos dias do encerramento da campanha nacional de vacina\u00e7\u00e3o contra a gripe,&nbsp;79,56%&nbsp;do p\u00fablico-alvo j\u00e1 foram aos postos de sa\u00fade se imunizar, na Para\u00edba. No&hellip; <\/p>\n","protected":false},"author":1,"featured_media":84564,"comment_status":"closed","ping_status":"closed","sticky":false,"template":"","format":"standard","meta":{"sfsi_plus_gutenberg_text_before_share":"","sfsi_plus_gutenberg_show_text_before_share":"","sfsi_plus_gutenberg_icon_type":"","sfsi_plus_gutenberg_icon_alignemt":"","sfsi_plus_gutenburg_max_per_row":"","footnotes":""},"categories":[50,16],"tags":[],"class_list":["post-96811","post","type-post","status-publish","format-standard","has-post-thumbnail","hentry","category-destaque","category-saude"],"_links":{"self":[{"href":"https:\/\/www.caririemacao.com\/1\/wp-json\/wp\/v2\/posts\/96811","targetHints":{"allow":["GET"]}}],"collection":[{"href":"https:\/\/www.caririemacao.com\/1\/wp-json\/wp\/v2\/posts"}],"about":[{"href":"https:\/\/www.caririemacao.com\/1\/wp-json\/wp\/v2\/types\/post"}],"author":[{"embeddable":true,"href":"https:\/\/www.caririemacao.com\/1\/wp-json\/wp\/v2\/users\/1"}],"replies":[{"embeddable":true,"href":"https:\/\/www.caririemacao.com\/1\/wp-json\/wp\/v2\/comments?post=96811"}],"version-history":[{"count":1,"href":"https:\/\/www.caririemacao.com\/1\/wp-json\/wp\/v2\/posts\/96811\/revisions"}],"predecessor-version":[{"id":96812,"href":"https:\/\/www.caririemacao.com\/1\/wp-json\/wp\/v2\/posts\/96811\/revisions\/96812"}],"wp:featuredmedia":[{"embeddable":true,"href":"https:\/\/www.caririemacao.com\/1\/wp-json\/wp\/v2\/media\/84564"}],"wp:attachment":[{"href":"https:\/\/www.caririemacao.com\/1\/wp-json\/wp\/v2\/media?parent=96811"}],"wp:term":[{"taxonomy":"category","embeddable":true,"href":"https:\/\/www.caririemacao.com\/1\/wp-json\/wp\/v2\/categories?post=96811"},{"taxonomy":"post_tag","embeddable":true,"href":"https:\/\/www.caririemacao.com\/1\/wp-json\/wp\/v2\/tags?post=96811"}],"curies":[{"name":"wp","href":"https:\/\/api.w.org\/{rel}","templated":true}]}}