{"id":96814,"date":"2019-05-28T06:21:17","date_gmt":"2019-05-28T09:21:17","guid":{"rendered":"http:\/\/www.caririemacao.com\/1\/?p=96814"},"modified":"2019-05-28T06:21:17","modified_gmt":"2019-05-28T09:21:17","slug":"energisa-conscientiza-clientes-de-monteiro-sobre-tarifa-social","status":"publish","type":"post","link":"https:\/\/www.caririemacao.com\/1\/2019\/05\/28\/energisa-conscientiza-clientes-de-monteiro-sobre-tarifa-social\/","title":{"rendered":"Energisa conscientiza clientes de Monteiro sobre tarifa social"},"content":{"rendered":"\n<p>No pr\u00f3ximo dia 30, a cidade de Monteiro vai receber a a\u00e7\u00e3o \u201cEnergisa mais perto de voc\u00ea\u201d, uma iniciativa que busca facilitar o acesso dos clientes a orienta\u00e7\u00f5es sobre consumo consciente, tarifa social e parcelamento de d\u00e9bitos. A a\u00e7\u00e3o come\u00e7a a partir das 8h, na Avenida Parque das \u00c1guas.<\/p>\n\n\n\n<p>Os servi\u00e7os oferecidos ser\u00e3o concentrados no Caminh\u00e3o Nossa Energia, que visita as cidades da Para\u00edba com a\u00e7\u00f5es voltadas para a conscientiza\u00e7\u00e3o dos clientes sobre efici\u00eancia energ\u00e9tica e o consumo adequado, al\u00e9m de orienta\u00e7\u00f5es sobre servi\u00e7os oferecidos pela Energisa Para\u00edba e Energisa Borborema, como troca de l\u00e2mpadas incandescentes e fluorescentes compacta por l\u00e2mpadas de LED para os clientes cadastrados na Tarifa Social.<\/p>\n\n\n\n<p>Melhoria na Rede \u2013 O sistema de fornecimento de energia el\u00e9trica na cidade de Monteiro est\u00e1 passando por melhorias, com a realiza\u00e7\u00e3o de uma obra estruturante que est\u00e1 sendo conduzida pela Celpe (Companhia Energ\u00e9tica de Pernambuco) e que deve ser conclu\u00edda no m\u00eas de julho.<\/p>\n\n\n\n<p>Esta obra vai permitir uma melhor distribui\u00e7\u00e3o de energia el\u00e9trica, com seguran\u00e7a e qualidade para os clientes.<\/p>\n","protected":false},"excerpt":{"rendered":"<p>No pr\u00f3ximo dia 30, a cidade de Monteiro vai receber a a\u00e7\u00e3o \u201cEnergisa mais perto de voc\u00ea\u201d, uma iniciativa que busca facilitar o acesso dos&hellip; <\/p>\n","protected":false},"author":1,"featured_media":96815,"comment_status":"closed","ping_status":"closed","sticky":false,"template":"","format":"standard","meta":{"sfsi_plus_gutenberg_text_before_share":"","sfsi_plus_gutenberg_show_text_before_share":"","sfsi_plus_gutenberg_icon_type":"","sfsi_plus_gutenberg_icon_alignemt":"","sfsi_plus_gutenburg_max_per_row":"","footnotes":""},"categories":[2],"tags":[],"class_list":["post-96814","post","type-post","status-publish","format-standard","has-post-thumbnail","hentry","category-geral"],"_links":{"self":[{"href":"https:\/\/www.caririemacao.com\/1\/wp-json\/wp\/v2\/posts\/96814","targetHints":{"allow":["GET"]}}],"collection":[{"href":"https:\/\/www.caririemacao.com\/1\/wp-json\/wp\/v2\/posts"}],"about":[{"href":"https:\/\/www.caririemacao.com\/1\/wp-json\/wp\/v2\/types\/post"}],"author":[{"embeddable":true,"href":"https:\/\/www.caririemacao.com\/1\/wp-json\/wp\/v2\/users\/1"}],"replies":[{"embeddable":true,"href":"https:\/\/www.caririemacao.com\/1\/wp-json\/wp\/v2\/comments?post=96814"}],"version-history":[{"count":1,"href":"https:\/\/www.caririemacao.com\/1\/wp-json\/wp\/v2\/posts\/96814\/revisions"}],"predecessor-version":[{"id":96816,"href":"https:\/\/www.caririemacao.com\/1\/wp-json\/wp\/v2\/posts\/96814\/revisions\/96816"}],"wp:featuredmedia":[{"embeddable":true,"href":"https:\/\/www.caririemacao.com\/1\/wp-json\/wp\/v2\/media\/96815"}],"wp:attachment":[{"href":"https:\/\/www.caririemacao.com\/1\/wp-json\/wp\/v2\/media?parent=96814"}],"wp:term":[{"taxonomy":"category","embeddable":true,"href":"https:\/\/www.caririemacao.com\/1\/wp-json\/wp\/v2\/categories?post=96814"},{"taxonomy":"post_tag","embeddable":true,"href":"https:\/\/www.caririemacao.com\/1\/wp-json\/wp\/v2\/tags?post=96814"}],"curies":[{"name":"wp","href":"https:\/\/api.w.org\/{rel}","templated":true}]}}