{"id":96819,"date":"2019-05-28T06:28:57","date_gmt":"2019-05-28T09:28:57","guid":{"rendered":"http:\/\/www.caririemacao.com\/1\/?p=96819"},"modified":"2019-05-28T06:28:57","modified_gmt":"2019-05-28T09:28:57","slug":"agressor-de-bolsonaro-tem-doenca-mental-e-e-inimputavel-diz-juiz","status":"publish","type":"post","link":"https:\/\/www.caririemacao.com\/1\/2019\/05\/28\/agressor-de-bolsonaro-tem-doenca-mental-e-e-inimputavel-diz-juiz\/","title":{"rendered":"Agressor de Bolsonaro tem doen\u00e7a mental e \u00e9 inimput\u00e1vel, diz juiz"},"content":{"rendered":"\n<p>Nota oficial da 3\u00aa Vara Federal em Juiz de Fora foi publicada nesta segunda (27). Ad\u00e9lio Bispo n\u00e3o poder\u00e1 ser punido criminalmente ap\u00f3s facada em ato de campanha presidencial em 2018.<\/p>\n\n\n\n<p>Ad\u00e9lio Bispo deu uma facada no presidente Jair Bolsonaro (PSL) durante ato de campanha no ano passado, em Juiz de Fora.<\/p>\n\n\n\n<p>Uma decis\u00e3o do juiz federal Bruno Savino, da 3\u00aa vara da Justi\u00e7a Federal em Juiz de Fora, afirmou que Ad\u00e9lio Bispo de Oliveira tem Transtorno Delirante Persistente e \u00e9 inimput\u00e1vel, ou seja, n\u00e3o pode ser punido criminalmente.<\/p>\n\n\n\n<p>Com a decis\u00e3o, fica indicado que no caso de condena\u00e7\u00e3o de Ad\u00e9lio na a\u00e7\u00e3o penal, ele ficar\u00e1 em um manic\u00f4mio judici\u00e1rio e n\u00e3o em um pres\u00eddio. At\u00e9 o julgamento, no entanto, ele vai permanecer no Pres\u00eddio Federal de Campo Grande (MS), tendo em vista que a defesa dele afirmou que o local tem estrutura para o tratamento adequado da doen\u00e7a.<\/p>\n\n\n\n<p>O processo est\u00e1 na fase final. A partir de agora, a defesa do presidente tamb\u00e9m vai se pronunciar sobre as conclus\u00f5es do Minist\u00e9rio P\u00fablico Federal. Em seguida, a defesa de Ad\u00e9lio se manifestar\u00e1. No m\u00eas passado, a Justi\u00e7a autorizou um m\u00e9dico psiquiatra, indicado por Bolsonaro, a entrevistar Ad\u00e9lio.<\/p>\n\n\n\n<p>A Justi\u00e7a Federal j\u00e1 aceitou a den\u00fancia contra Ad\u00e9lio por pr\u00e1tica de atentado pessoal por inconformismo pol\u00edtico e o tornou r\u00e9u, mas ainda n\u00e3o julgou o caso. Ele segue preso desde o dia do crime, tendo sido transferido para o pres\u00eddio de seguran\u00e7a m\u00e1xima de Campo Grande dois dias depois.<\/p>\n\n\n\n<p>Inqu\u00e9ritos<\/p>\n\n\n\n<p>Ap\u00f3s o atentado em Juiz de Fora, dois inqu\u00e9ritos foram abertos pela Pol\u00edcia Federal. O primeiro, finalizado em 28 de setembro de 2018, conclui que Bispo agiu sozinho no momento do ataque. Neste ele foi indiciado por pr\u00e1tica de atentado pessoal por inconformismo pol\u00edtico, crime previsto na Lei de Seguran\u00e7a Nacional. A den\u00fancia do Minist\u00e9rio P\u00fablico Federal foi aceita pela Justi\u00e7a.<\/p>\n\n\n\n<p>A Pol\u00edcia Federal segue com as investiga\u00e7\u00f5es. O segundo inqu\u00e9rito foi aberto para apurar poss\u00edveis conex\u00f5es de Ad\u00e9lio, pessoas que podem ter ajudado o agressor a planejar o crime.<\/p>\n","protected":false},"excerpt":{"rendered":"<p>Nota oficial da 3\u00aa Vara Federal em Juiz de Fora foi publicada nesta segunda (27). Ad\u00e9lio Bispo n\u00e3o poder\u00e1 ser punido criminalmente ap\u00f3s facada em&hellip; <\/p>\n","protected":false},"author":1,"featured_media":96820,"comment_status":"closed","ping_status":"closed","sticky":false,"template":"","format":"standard","meta":{"sfsi_plus_gutenberg_text_before_share":"","sfsi_plus_gutenberg_show_text_before_share":"","sfsi_plus_gutenberg_icon_type":"","sfsi_plus_gutenberg_icon_alignemt":"","sfsi_plus_gutenburg_max_per_row":"","footnotes":""},"categories":[12],"tags":[],"class_list":["post-96819","post","type-post","status-publish","format-standard","has-post-thumbnail","hentry","category-policia"],"_links":{"self":[{"href":"https:\/\/www.caririemacao.com\/1\/wp-json\/wp\/v2\/posts\/96819","targetHints":{"allow":["GET"]}}],"collection":[{"href":"https:\/\/www.caririemacao.com\/1\/wp-json\/wp\/v2\/posts"}],"about":[{"href":"https:\/\/www.caririemacao.com\/1\/wp-json\/wp\/v2\/types\/post"}],"author":[{"embeddable":true,"href":"https:\/\/www.caririemacao.com\/1\/wp-json\/wp\/v2\/users\/1"}],"replies":[{"embeddable":true,"href":"https:\/\/www.caririemacao.com\/1\/wp-json\/wp\/v2\/comments?post=96819"}],"version-history":[{"count":1,"href":"https:\/\/www.caririemacao.com\/1\/wp-json\/wp\/v2\/posts\/96819\/revisions"}],"predecessor-version":[{"id":96821,"href":"https:\/\/www.caririemacao.com\/1\/wp-json\/wp\/v2\/posts\/96819\/revisions\/96821"}],"wp:featuredmedia":[{"embeddable":true,"href":"https:\/\/www.caririemacao.com\/1\/wp-json\/wp\/v2\/media\/96820"}],"wp:attachment":[{"href":"https:\/\/www.caririemacao.com\/1\/wp-json\/wp\/v2\/media?parent=96819"}],"wp:term":[{"taxonomy":"category","embeddable":true,"href":"https:\/\/www.caririemacao.com\/1\/wp-json\/wp\/v2\/categories?post=96819"},{"taxonomy":"post_tag","embeddable":true,"href":"https:\/\/www.caririemacao.com\/1\/wp-json\/wp\/v2\/tags?post=96819"}],"curies":[{"name":"wp","href":"https:\/\/api.w.org\/{rel}","templated":true}]}}