{"id":96824,"date":"2019-05-28T06:35:07","date_gmt":"2019-05-28T09:35:07","guid":{"rendered":"http:\/\/www.caririemacao.com\/1\/?p=96824"},"modified":"2019-05-28T06:35:07","modified_gmt":"2019-05-28T09:35:07","slug":"terminam-hoje-as-inscricoes-para-selecao-com-40-vagas-em-curso-tecnico-em-vigilancia-em-saude","status":"publish","type":"post","link":"https:\/\/www.caririemacao.com\/1\/2019\/05\/28\/terminam-hoje-as-inscricoes-para-selecao-com-40-vagas-em-curso-tecnico-em-vigilancia-em-saude\/","title":{"rendered":"Terminam hoje as inscri\u00e7\u00f5es para sele\u00e7\u00e3o com 40 vagas em Curso T\u00e9cnico em Vigil\u00e2ncia em Sa\u00fade"},"content":{"rendered":"\n<p>Terminam nesta ter\u00e7a-feira (28), as inscri\u00e7\u00f5es para Processo Seletivo Simplificado do Curso T\u00e9cnico em Vigil\u00e2ncia em Sa\u00fade&nbsp;por meio do Centro Formador de Recursos Humanos da Para\u00edba (CEFOR-PB). S\u00e3o 40 vagas e o curso tem como objetivo formar trabalhadores do SUS que atuam nas quatro vigil\u00e2ncias: epidemiol\u00f3gica, sanit\u00e1ria, ambiental e sa\u00fade do trabalhador dos munic\u00edpios da 11\u00aa Regi\u00e3o de Sa\u00fade (Imaculada, \u00c1gua Branca, Juru, Tavares, Princesa Isabel, S\u00e3o Jos\u00e9 de Princesa e Mana\u00edra).<\/p>\n\n\n\n<p>As inscri\u00e7\u00f5es&nbsp;est\u00e3o sendo realizadas de forma online pelo endere\u00e7o&nbsp;<a href=\"https:\/\/docs.google.com\/forms\/d\/e\/1FAIpQLSewPUu9V83rcE3vYdalHuj4eu5UeemJBdp9Bhdp4ldHCyBVLQ\/viewform\">https:\/\/docs.google.com\/forms\/&#8230;<\/a>&nbsp;das 8h do dia 14 at\u00e9 \u00e0s 23h59min do pr\u00f3ximo dia 28.<\/p>\n\n\n\n<p>O curso acontecer\u00e1 na modalidade presencial, com carga hor\u00e1ria total de 1.660h, sendo 1.410h em atividades te\u00f3rico-pr\u00e1ticas e 250h em est\u00e1gio supervisionado. Os momentos presenciais ser\u00e3o \u00e0s sextas-feiras e s\u00e1bados e corresponder\u00e3o a 20 horas\/aula semanais e acontecer\u00e3o na Escola Municipal Carlos Alberto M. Duarte Sobreira, no munic\u00edpio de Princesa Isabel.<\/p>\n\n\n\n<p>O per\u00edodo do curso est\u00e1 previsto para acontecer em 24 meses. O inscrito no Curso T\u00e9cnico em Vigil\u00e2ncia em Sa\u00fade dever\u00e1 ser trabalhador do SUS, devidamente comprovado, via portaria; contrato ou declara\u00e7\u00e3o emitida pelo \u00f3rg\u00e3o a qual pertence; ter ensino m\u00e9dio, devidamente registrado por institui\u00e7\u00e3o reconhecida pelo Minist\u00e9rio da Educa\u00e7\u00e3o; apresentar a libera\u00e7\u00e3o da chefia imediata para participar do curso e ter conhecimentos m\u00ednimos de inform\u00e1tica e acesso a internet.<\/p>\n\n\n\n<p>Mais informa\u00e7\u00f5es pelo telefone da dire\u00e7\u00e3o geral do Cefor-PB: 3214-1732.<\/p>\n","protected":false},"excerpt":{"rendered":"<p>Terminam nesta ter\u00e7a-feira (28), as inscri\u00e7\u00f5es para Processo Seletivo Simplificado do Curso T\u00e9cnico em Vigil\u00e2ncia em Sa\u00fade&nbsp;por meio do Centro Formador de Recursos Humanos da&hellip; <\/p>\n","protected":false},"author":1,"featured_media":13400,"comment_status":"closed","ping_status":"closed","sticky":false,"template":"","format":"standard","meta":{"sfsi_plus_gutenberg_text_before_share":"","sfsi_plus_gutenberg_show_text_before_share":"","sfsi_plus_gutenberg_icon_type":"","sfsi_plus_gutenberg_icon_alignemt":"","sfsi_plus_gutenburg_max_per_row":"","footnotes":""},"categories":[2],"tags":[],"class_list":["post-96824","post","type-post","status-publish","format-standard","has-post-thumbnail","hentry","category-geral"],"_links":{"self":[{"href":"https:\/\/www.caririemacao.com\/1\/wp-json\/wp\/v2\/posts\/96824","targetHints":{"allow":["GET"]}}],"collection":[{"href":"https:\/\/www.caririemacao.com\/1\/wp-json\/wp\/v2\/posts"}],"about":[{"href":"https:\/\/www.caririemacao.com\/1\/wp-json\/wp\/v2\/types\/post"}],"author":[{"embeddable":true,"href":"https:\/\/www.caririemacao.com\/1\/wp-json\/wp\/v2\/users\/1"}],"replies":[{"embeddable":true,"href":"https:\/\/www.caririemacao.com\/1\/wp-json\/wp\/v2\/comments?post=96824"}],"version-history":[{"count":1,"href":"https:\/\/www.caririemacao.com\/1\/wp-json\/wp\/v2\/posts\/96824\/revisions"}],"predecessor-version":[{"id":96825,"href":"https:\/\/www.caririemacao.com\/1\/wp-json\/wp\/v2\/posts\/96824\/revisions\/96825"}],"wp:featuredmedia":[{"embeddable":true,"href":"https:\/\/www.caririemacao.com\/1\/wp-json\/wp\/v2\/media\/13400"}],"wp:attachment":[{"href":"https:\/\/www.caririemacao.com\/1\/wp-json\/wp\/v2\/media?parent=96824"}],"wp:term":[{"taxonomy":"category","embeddable":true,"href":"https:\/\/www.caririemacao.com\/1\/wp-json\/wp\/v2\/categories?post=96824"},{"taxonomy":"post_tag","embeddable":true,"href":"https:\/\/www.caririemacao.com\/1\/wp-json\/wp\/v2\/tags?post=96824"}],"curies":[{"name":"wp","href":"https:\/\/api.w.org\/{rel}","templated":true}]}}