{"id":96827,"date":"2019-05-28T06:36:43","date_gmt":"2019-05-28T09:36:43","guid":{"rendered":"http:\/\/www.caririemacao.com\/1\/?p=96827"},"modified":"2019-05-28T06:36:43","modified_gmt":"2019-05-28T09:36:43","slug":"ufpb-vai-contratar-mais-40-professores-visitantes","status":"publish","type":"post","link":"https:\/\/www.caririemacao.com\/1\/2019\/05\/28\/ufpb-vai-contratar-mais-40-professores-visitantes\/","title":{"rendered":"UFPB vai contratar mais 40 professores visitantes"},"content":{"rendered":"\n<p>UFOBA Universidade Federal da Para\u00edba (UFPB) vai contratar mais 40 professores visitantes, de nacionalidade brasileira e estrangeira, de todas as \u00e1reas do conhecimento.\u00a0 A submiss\u00e3o de propostas dos Programas de P\u00f3s-gradua\u00e7\u00e3o para as dire\u00e7\u00f5es dos Centros de Ensino deve ocorrer at\u00e9 14 de junho.<\/p>\n\n\n\n<p>Esta \u00e9 a primeira etapa da chamada interna, lan\u00e7ada em 24 de maio. As propostas dever\u00e3o ser apresentadas sob a forma de projeto que especifique, entre outros quesitos, a necessidade da contrata\u00e7\u00e3o, o perfil do professor visitante, o impacto esperado para o desenvolvimento acad\u00eamico-cient\u00edfico institucional, incluindo objetivos de internacionaliza\u00e7\u00e3o da UFPB, e o potencial do visitante na capta\u00e7\u00e3o de recursos oferecidos por ag\u00eancias nacionais e internacionais.<\/p>\n\n\n\n<p>A avalia\u00e7\u00e3o das proposi\u00e7\u00f5es ser\u00e1 feita por uma comiss\u00e3o de docentes externos, composta para esse fim, nomeada pela Pr\u00f3-Reitoria de Gest\u00e3o de Pessoas (Progep). O resultado preliminar ser\u00e1 anunciado em 19 de junho.<\/p>\n\n\n\n<p>Para as propostas aprovadas, haver\u00e1 segunda etapa, que ser\u00e1 a sele\u00e7\u00e3o de candidatos pelos PPGs e Centros de Ensino, por meio de processos seletivos simplificados para a contrata\u00e7\u00e3o de professor visitante.<\/p>\n\n\n\n<p>Os editais espec\u00edficos e bil\u00edngues (portugu\u00eas e ingl\u00eas) ser\u00e3o publicados pela Progep, considerando o curriculum vitae dos candidatos, indicadores de m\u00e9rito acad\u00eamico-cient\u00edfico e outros crit\u00e9rios estabelecidos pelos colegiados departamentais. A publica\u00e7\u00e3o desses editais est\u00e1 prevista para 15 de julho e a divulga\u00e7\u00e3o do resultado final preliminar em 22 de agosto.<\/p>\n\n\n\n<p>Esta \u00e9 a segunda chamada p\u00fablica interna da UFPB para contrata\u00e7\u00e3o de professores visitantes. A primeira foi divulgada em 4 de abril do ano passado e admitiu 77 docentes. Esses profissionais permitir\u00e3o a reestrutura\u00e7\u00e3o e consolida\u00e7\u00e3o do banco de professor equivalente da institui\u00e7\u00e3o, eleva\u00e7\u00e3o do conceito dos Programas de P\u00f3s-gradua\u00e7\u00e3o, refor\u00e7o no processo de internacionaliza\u00e7\u00e3o da universidade e ajuste definitivo dos calend\u00e1rios acad\u00eamicos da gradua\u00e7\u00e3o.<\/p>\n\n\n\n<p>A iniciativa envolve a a\u00e7\u00e3o conjunta das Pr\u00f3-Reitorias de Pesquisa, de P\u00f3s-Gradua\u00e7\u00e3o, de Gradua\u00e7\u00e3o e de Gest\u00e3o de Pessoas da UFPB.<\/p>\n","protected":false},"excerpt":{"rendered":"<p>UFOBA Universidade Federal da Para\u00edba (UFPB) vai contratar mais 40 professores visitantes, de nacionalidade brasileira e estrangeira, de todas as \u00e1reas do conhecimento.\u00a0 A submiss\u00e3o&hellip; <\/p>\n","protected":false},"author":1,"featured_media":96618,"comment_status":"closed","ping_status":"closed","sticky":false,"template":"","format":"standard","meta":{"sfsi_plus_gutenberg_text_before_share":"","sfsi_plus_gutenberg_show_text_before_share":"","sfsi_plus_gutenberg_icon_type":"","sfsi_plus_gutenberg_icon_alignemt":"","sfsi_plus_gutenburg_max_per_row":"","footnotes":""},"categories":[14],"tags":[],"class_list":["post-96827","post","type-post","status-publish","format-standard","has-post-thumbnail","hentry","category-educacao"],"_links":{"self":[{"href":"https:\/\/www.caririemacao.com\/1\/wp-json\/wp\/v2\/posts\/96827","targetHints":{"allow":["GET"]}}],"collection":[{"href":"https:\/\/www.caririemacao.com\/1\/wp-json\/wp\/v2\/posts"}],"about":[{"href":"https:\/\/www.caririemacao.com\/1\/wp-json\/wp\/v2\/types\/post"}],"author":[{"embeddable":true,"href":"https:\/\/www.caririemacao.com\/1\/wp-json\/wp\/v2\/users\/1"}],"replies":[{"embeddable":true,"href":"https:\/\/www.caririemacao.com\/1\/wp-json\/wp\/v2\/comments?post=96827"}],"version-history":[{"count":1,"href":"https:\/\/www.caririemacao.com\/1\/wp-json\/wp\/v2\/posts\/96827\/revisions"}],"predecessor-version":[{"id":96828,"href":"https:\/\/www.caririemacao.com\/1\/wp-json\/wp\/v2\/posts\/96827\/revisions\/96828"}],"wp:featuredmedia":[{"embeddable":true,"href":"https:\/\/www.caririemacao.com\/1\/wp-json\/wp\/v2\/media\/96618"}],"wp:attachment":[{"href":"https:\/\/www.caririemacao.com\/1\/wp-json\/wp\/v2\/media?parent=96827"}],"wp:term":[{"taxonomy":"category","embeddable":true,"href":"https:\/\/www.caririemacao.com\/1\/wp-json\/wp\/v2\/categories?post=96827"},{"taxonomy":"post_tag","embeddable":true,"href":"https:\/\/www.caririemacao.com\/1\/wp-json\/wp\/v2\/tags?post=96827"}],"curies":[{"name":"wp","href":"https:\/\/api.w.org\/{rel}","templated":true}]}}