{"id":96833,"date":"2019-05-28T06:38:28","date_gmt":"2019-05-28T09:38:28","guid":{"rendered":"http:\/\/www.caririemacao.com\/1\/?p=96833"},"modified":"2019-05-28T06:38:28","modified_gmt":"2019-05-28T09:38:28","slug":"gabriel-diniz-e-o-terceiro-vocalista-da-cavaleiros-do-forro-a-morrer-em-acidentes","status":"publish","type":"post","link":"https:\/\/www.caririemacao.com\/1\/2019\/05\/28\/gabriel-diniz-e-o-terceiro-vocalista-da-cavaleiros-do-forro-a-morrer-em-acidentes\/","title":{"rendered":"Gabriel Diniz \u00e9 o terceiro vocalista da Cavaleiros do Forr\u00f3 a morrer em acidentes"},"content":{"rendered":"\n<p>Gabriel Diniz, cantor que morreu nesta segunda-feira (27), \u00e9 a terceira pessoa que j\u00e1 foi vocalista da banda Cavaleiros do Forr\u00f3, do Rio Grande do Norte, a morrer em acidentes. Jos\u00e9 In\u00e1cio Alexandre da Silva, em 2005, e a paraibana Eliza Cl\u00edvia, em 2017, foram v\u00edtimas de acidentes automobil\u00edsticos.&nbsp;O grupo tamb\u00e9m perdeu o guitarrista Edivan Paulo da Silva, em 2005.<\/p>\n\n\n\n<p>Diniz morreu em queda de avi\u00e3o de pequeno porte em Sergipe, junto de Linaldo Xavier e Abra\u00e3o Farias, pilotos e diretores do Aeroclube de Alagoas.<\/p>\n\n\n\n<p>Terceiro vocalista<\/p>\n\n\n\n<p>Em 2005, uma colis\u00e3o entre dois \u00f4nibus no Rio Grande do Norte provocou a morte de quatro pessoas. Entre as v\u00edtimas fatais estavam o vocalista do Cavaleiros do Forr\u00f3, Jos\u00e9 In\u00e1cio Alexandre da Silva, e o guitarrista, Edivan Paulo da Silva.<\/p>\n\n\n\n<p>Em 2017, Cl\u00edvia morreu em acidente de tr\u00e2nsito em Aracaju, no Sergipe. Ela foi vocalista do grupo entre 2003 e 2013, e chegou a trabalhar com Diniz, que cantou com a banda entre 2010 e 2011.<\/p>\n\n\n\n<p>A Cavaleiros do Forr\u00f3 lamentou a morte de Diniz em redes sociais. &#8220;A vida \u00e9 realmente um sopro. Nossos sentimentos \u00e0 fam\u00edlia do cantor Gabriel Diniz e toda equipe que com ele trabalhava.&#8221;<\/p>\n","protected":false},"excerpt":{"rendered":"<p>Gabriel Diniz, cantor que morreu nesta segunda-feira (27), \u00e9 a terceira pessoa que j\u00e1 foi vocalista da banda Cavaleiros do Forr\u00f3, do Rio Grande do&hellip; <\/p>\n","protected":false},"author":1,"featured_media":96834,"comment_status":"closed","ping_status":"closed","sticky":false,"template":"","format":"standard","meta":{"sfsi_plus_gutenberg_text_before_share":"","sfsi_plus_gutenberg_show_text_before_share":"","sfsi_plus_gutenberg_icon_type":"","sfsi_plus_gutenberg_icon_alignemt":"","sfsi_plus_gutenburg_max_per_row":"","footnotes":""},"categories":[2],"tags":[],"class_list":["post-96833","post","type-post","status-publish","format-standard","has-post-thumbnail","hentry","category-geral"],"_links":{"self":[{"href":"https:\/\/www.caririemacao.com\/1\/wp-json\/wp\/v2\/posts\/96833","targetHints":{"allow":["GET"]}}],"collection":[{"href":"https:\/\/www.caririemacao.com\/1\/wp-json\/wp\/v2\/posts"}],"about":[{"href":"https:\/\/www.caririemacao.com\/1\/wp-json\/wp\/v2\/types\/post"}],"author":[{"embeddable":true,"href":"https:\/\/www.caririemacao.com\/1\/wp-json\/wp\/v2\/users\/1"}],"replies":[{"embeddable":true,"href":"https:\/\/www.caririemacao.com\/1\/wp-json\/wp\/v2\/comments?post=96833"}],"version-history":[{"count":1,"href":"https:\/\/www.caririemacao.com\/1\/wp-json\/wp\/v2\/posts\/96833\/revisions"}],"predecessor-version":[{"id":96835,"href":"https:\/\/www.caririemacao.com\/1\/wp-json\/wp\/v2\/posts\/96833\/revisions\/96835"}],"wp:featuredmedia":[{"embeddable":true,"href":"https:\/\/www.caririemacao.com\/1\/wp-json\/wp\/v2\/media\/96834"}],"wp:attachment":[{"href":"https:\/\/www.caririemacao.com\/1\/wp-json\/wp\/v2\/media?parent=96833"}],"wp:term":[{"taxonomy":"category","embeddable":true,"href":"https:\/\/www.caririemacao.com\/1\/wp-json\/wp\/v2\/categories?post=96833"},{"taxonomy":"post_tag","embeddable":true,"href":"https:\/\/www.caririemacao.com\/1\/wp-json\/wp\/v2\/tags?post=96833"}],"curies":[{"name":"wp","href":"https:\/\/api.w.org\/{rel}","templated":true}]}}