{"id":96848,"date":"2019-05-28T09:01:06","date_gmt":"2019-05-28T12:01:06","guid":{"rendered":"http:\/\/www.caririemacao.com\/1\/?p=96848"},"modified":"2019-05-28T09:01:06","modified_gmt":"2019-05-28T12:01:06","slug":"corpo-de-gabriel-diniz-e-velado-em-joao-pessoa","status":"publish","type":"post","link":"https:\/\/www.caririemacao.com\/1\/2019\/05\/28\/corpo-de-gabriel-diniz-e-velado-em-joao-pessoa\/","title":{"rendered":"Corpo de Gabriel Diniz \u00e9 velado em Jo\u00e3o Pessoa"},"content":{"rendered":"\n<p>O corpo do cantor Gabriel Dinizchegou por volta de 5h desta ter\u00e7a-feira (28) ao gin\u00e1sio de esportes Ronald\u00e3o, no bairro do Cristo Redentor, em Jo\u00e3o Pessoa, para ser velado. Conhecido pelo hit \u201cJenifer\u201d,\u00a0<a href=\"https:\/\/g1.globo.com\/se\/sergipe\/noticia\/2019\/05\/27\/corpo-de-bombeiros-e-acionado-para-atender-acidente-envolvendo-queda-de-bimotor.ghtml\">Gabriel morreu na queda de um avi\u00e3o\u00a0<\/a>de pequeno porte junto com outras duas pessoas na tarde desta segunda.<\/p>\n\n\n\n<figure class=\"wp-block-image\"><img fetchpriority=\"high\" decoding=\"async\" width=\"1024\" height=\"641\" src=\"http:\/\/www.caririemacao.com\/1\/wp-content\/uploads\/2019\/05\/fila-velorio-1024x641.jpg\" alt=\"\" class=\"wp-image-96851\" srcset=\"https:\/\/www.caririemacao.com\/1\/wp-content\/uploads\/2019\/05\/fila-velorio-1024x641.jpg 1024w, https:\/\/www.caririemacao.com\/1\/wp-content\/uploads\/2019\/05\/fila-velorio-300x188.jpg 300w, https:\/\/www.caririemacao.com\/1\/wp-content\/uploads\/2019\/05\/fila-velorio-768x481.jpg 768w, https:\/\/www.caririemacao.com\/1\/wp-content\/uploads\/2019\/05\/fila-velorio.jpg 1600w\" sizes=\"(max-width: 1024px) 100vw, 1024px\" \/><\/figure>\n\n\n\n<p>O vel\u00f3rio foi, inicialmente, fechado para familiares e amigos. O cantor Matheus, da dupla Matheus e Kauan, a youtuber e humorista Gkay e Renan da Resenha, tamb\u00e9m humorista, estavam entre os presentes. A cerim\u00f4nia foi aberta ao p\u00fablico, que fazia fila desde a madrugada, \u00e0s 8h. O sepultamento dever\u00e1 ser realizado nesta tarde.<\/p>\n\n\n\n<p>GD, como Gabriel Diniz era conhecido, estava no avi\u00e3o acompanhado de Linaldo Xavier e Abra\u00e3o Farias, pilotos e diretores do Aeroclube de Alagoas. Eles faziam o trajeto entre Salvador e Macei\u00f3, para onde&nbsp;<a href=\"https:\/\/g1.globo.com\/pop-arte\/noticia\/2019\/05\/27\/gabriel-diniz-seguia-para-maceio-para-celebrar-o-aniversario-da-namorada-karoline-calheiros.ghtml\">Diniz viajava para comemorar o anivers\u00e1rio da namorada<\/a>, Karoline Calheiros.<\/p>\n\n\n\n<p>A queda da aeronave foi na tarde de segunda no povoado Porto do Mato, em Est\u00e2ncia, sul de Sergipe. O\u00a0<a href=\"https:\/\/g1.globo.com\/se\/sergipe\/noticia\/2019\/05\/27\/corpo-de-cantor-gabriel-diniz-e-liberado-do-iml-de-sergipe.ghtml\">corpo foi liberado \u00e0s 21h<\/a>\u00a0do Instituto M\u00e9dico Legal de Sergipe (IML), em Aracaju, e chegou por volta de 3h30 ao aeroporto Castro Pinto, na regi\u00e3o da Grande Jo\u00e3o Pessoa.<\/p>\n\n\n\n<h2 class=\"wp-block-heading\">F\u00e3s chegaram de madrugada para vel\u00f3rio<\/h2>\n\n\n\n<p>Durante toda a madrugada, f\u00e3s come\u00e7aram a ocupar a entrada do gin\u00e1sio Ronald\u00e3o para acompanhar o vel\u00f3rio. A primeira parte da cerim\u00f4nia, das 5h \u00e0s 8h, ficou restrita \u00e0 pedido da fam\u00edlia. Ap\u00f3s entrar no gin\u00e1sio, f\u00e3s passavam por uma esp\u00e9cie de corredor para se aproximar do caix\u00e3o de Gabriel.<\/p>\n\n\n\n<p>Uma missa, tamb\u00e9m aberta ao p\u00fablico, ser\u00e1 celebrada pelo Padre Luiz Carlos por volta de 15h. Uma hora depois, \u00e0s 16h, o corpo do cantor seguir\u00e1 em cortejo em carro aberto do Corpo de Bombeiros para o Cemit\u00e9rio Parque das Ac\u00e1cias, no bairro Jos\u00e9 Am\u00e9rico. O sepultamento ser\u00e1 restrito a parentes de Gabriel.<\/p>\n\n\n\n<p> Na noite do \u00faltimo domingo (26),\u00a0<a href=\"https:\/\/g1.globo.com\/ba\/bahia\/noticia\/2019\/05\/27\/ultimo-show-de-gabriel-diniz-foi-na-cidade-de-feira-de-santana-na-ba-veja-fotos.ghtml\">Diniz havia feito um show em Feira de Santana (BA)<\/a>. Neste ano, ele\u00a0<a href=\"https:\/\/g1.globo.com\/pb\/paraiba\/sao-joao\/2019\/noticia\/2019\/05\/27\/sao-joao-2019-de-campina-grande-deve-ter-homenagens-a-gabriel-diniz-preve-organizadora.ghtml\">dever\u00e1 ser homenageado no S\u00e3o Jo\u00e3o de Campina Grande<\/a>, agreste paraibano, onde ele se apresentou nos \u00faltimos seis anos e deveria fazer show neste ano. <\/p>\n\n\n\n<h2 class=\"wp-block-heading\"><strong>Aeron\u00e1utica vai investigar o acidente<\/strong><\/h2>\n\n\n\n<p>A\u00a0<a href=\"https:\/\/g1.globo.com\/se\/sergipe\/noticia\/2019\/05\/27\/aviao-que-caiu-com-o-cantor-gabriel-diniz-so-poderia-fazer-voos-de-instrucao-aeronave-nao-tinha-autorizacao-para-taxi-aereo.ghtml\">Aeron\u00e1utica ir\u00e1 investigar as causas do acidente<\/a>\u00a0com o avi\u00e3o em que estava o cantor. Investigadores do Segundo Servi\u00e7o Regional de Investiga\u00e7\u00e3o e Preven\u00e7\u00e3o de Acidentes Aeron\u00e1uticos (SERIPA II), \u00f3rg\u00e3o regional do Centro de Investiga\u00e7\u00e3o e Preven\u00e7\u00e3o de Acidentes Aeron\u00e1uticos (Cenipa), far\u00e3o a apura\u00e7\u00e3o inicial. N\u00e3o h\u00e1 prazo para as investiga\u00e7\u00f5es terminarem.<\/p>\n\n\n\n<p>Documentos achados no local do acidente ao lado do passaporte de Gabriel Diniz mostram que a aeronave \u00e9 um monomotor Piper Cherokee prefixo PT-KLO, fabricado em 1974, com capacidade m\u00e1xima de tr\u00eas passageiros mais a tripula\u00e7\u00e3o, totalizando quatro assentos. O avi\u00e3o estava registrado em nome do Aeroclube de Alagoas.<\/p>\n\n\n\n<p>A assessoria de imprensa do aeroclube informou que o avi\u00e3o estava com a manuten\u00e7\u00e3o em dia e em perfeito estado de conserva\u00e7\u00e3o. A Ag\u00eancia Nacional de Avia\u00e7\u00e3o Civil (Anac) tamb\u00e9m divulgou nota informando que o avi\u00e3o estava em situa\u00e7\u00e3o regular.<\/p>\n\n\n\n<p>A aeronave tinha permiss\u00e3o da Ag\u00eancia Nacional de Avia\u00e7\u00e3o Civil (Anac) apenas para fazer&nbsp;<a href=\"https:\/\/g1.globo.com\/se\/sergipe\/noticia\/2019\/05\/27\/aviao-que-caiu-com-o-cantor-gabriel-diniz-so-poderia-fazer-voos-de-instrucao-aeronave-nao-tinha-autorizacao-para-taxi-aereo.ghtml\">voos de treinamento ou instru\u00e7\u00e3o<\/a>&nbsp;e n\u00e3o era autorizado para t\u00e1xi a\u00e9reo. Segundo o Aeroclube de Alagoas, o avi\u00e3o n\u00e3o estava sendo usado como t\u00e1xi a\u00e9reo ou frete no momento do acidente, mas como carona.<\/p>\n\n\n\n<p>Abra\u00e3o Farias, um dos pilotos que morreu no acidente, seria amigo de Gabriel Diniz e teria ido passar o fim de semana com o cantor em Salvador. Na volta, ofereceu uma carona ao artista.<\/p>\n\n\n\n<blockquote class=\"wp-block-quote is-layout-flow wp-block-quote-is-layout-flow\"><p>&#8220;Essa aeronave foi para Salvador porque os pilotos s\u00e3o amigos e s\u00e3o membros do Aeroclube de Alagoas, e tamb\u00e9m s\u00e3o diretores daqui. Ent\u00e3o, eles locaram o avi\u00e3o aqui no aeroclube, pegaram o avi\u00e3o e foram para Salvador passar o fim de semana&#8221;, disse Abinadab Silva, piloto e diretor financeiro do Aeroclube de Alagoas.<\/p><\/blockquote>\n\n\n\n<p>Linaldo Xavier, que tamb\u00e9m morreu no acidente, tinha tr\u00eas anos de experi\u00eancia como piloto. Farias era piloto desde 2012.<\/p>\n\n\n\n<p>A Anac suspendeu as opera\u00e7\u00f5es do Aeroclube de Alagoas, dono do avi\u00e3o. Outras 9 aeronaves que pertencem ao aeroclube foram interditadas e est\u00e3o proibidas de voar.<\/p>\n\n\n\n<figure class=\"wp-block-image\"><img decoding=\"async\" data-src=\"https:\/\/s2.glbimg.com\/0t3nrgHupE39db2lZwcn0LsPGj8=\/0x0:1600x3951\/984x0\/smart\/filters:strip_icc()\/i.s3.glbimg.com\/v1\/AUTH_59edd422c0c84a879bd37670ae4f538a\/internal_photos\/bs\/2019\/Y\/N\/B2hNBzS5Oj3MNoLlRPPw\/mapa-queda-aviao-sergipe-va.jpg\" alt=\"Mapa mostra local da queda de avi\u00e3o \u2014 Foto: Arte G1\/Roberta Jaworski\" src=\"data:image\/svg+xml;base64,PHN2ZyB3aWR0aD0iMSIgaGVpZ2h0PSIxIiB4bWxucz0iaHR0cDovL3d3dy53My5vcmcvMjAwMC9zdmciPjwvc3ZnPg==\" class=\"lazyload\" \/><\/figure>\n\n\n\n<figure class=\"wp-block-image\"><img decoding=\"async\" data-src=\"https:\/\/s2.glbimg.com\/LT-Df5MbU-gUI-K2kXfZBj36a_Q=\/0x0:1050x722\/984x0\/smart\/filters:strip_icc()\/i.s3.glbimg.com\/v1\/AUTH_59edd422c0c84a879bd37670ae4f538a\/internal_photos\/bs\/2019\/z\/R\/AR0LrgQj6hbeYSnugHFg\/abraao-e-linaldo.jpg\" alt=\"Abra\u00c3\u00a3o Farias e Linaldo Xavier, diretores do Aeroclube de Alagoas, pilotavam o avi\u00c3\u00a3o onde estava o cantor Gabriel Diniz, e que caiu no interior de Sergipe \u00e2\u0080\u0094 Foto: Reprodu\u00c3\u00a7\u00c3\u00a3o\/Facebook\" src=\"data:image\/svg+xml;base64,PHN2ZyB3aWR0aD0iMSIgaGVpZ2h0PSIxIiB4bWxucz0iaHR0cDovL3d3dy53My5vcmcvMjAwMC9zdmciPjwvc3ZnPg==\" class=\"lazyload\" \/><\/figure>\n\n\n\n<h2 class=\"wp-block-heading\"><strong>Perfil do cantor<\/strong><\/h2>\n\n\n\n<figure class=\"wp-block-image\"><img decoding=\"async\" data-src=\"https:\/\/s2.glbimg.com\/uoouGzdGkQjqrCjAcsN5MuGoIRs=\/0x0:822x543\/984x0\/smart\/filters:strip_icc()\/i.s3.glbimg.com\/v1\/AUTH_59edd422c0c84a879bd37670ae4f538a\/internal_photos\/bs\/2019\/T\/5\/ARqBNnQwiPL1n4c996tw\/gabriel-diniz-wesley-safadao.jpg\" alt=\"Gabriel Diniz e Wesley Safad\u00e3o \u2014 Foto: Reprodu\u00e7\u00e3o\/Instagram\/wesleysafadao\" src=\"data:image\/svg+xml;base64,PHN2ZyB3aWR0aD0iMSIgaGVpZ2h0PSIxIiB4bWxucz0iaHR0cDovL3d3dy53My5vcmcvMjAwMC9zdmciPjwvc3ZnPg==\" class=\"lazyload\" \/><\/figure>\n\n\n\n<p>Gabriel Diniz e Wesley Safad\u00e3o \u2014 Foto: Reprodu\u00e7\u00e3o\/Instagram\/wesleysafadao<\/p>\n\n\n\n<p>Gabriel Diniz tinha 28 anos e nasceu em Campo Grande (MS). Ele foi criado em Jo\u00e3o Pessoa (PB), onde morava, e teve uma banda com amigos da escola.<a href=\"https:\/\/g1.globo.com\/pop-arte\/musica\/noticia\/2019\/05\/27\/gabriel-diniz-morto-aos-28-anos-ia-alem-de-jenifer-com-forronejo-bem-humorado.ghtml\">&nbsp;GD era um astro do forr\u00f3, mas transitava bem no sertanejo<\/a>.<\/p>\n\n\n\n<p>O estouro veio no segundo semestre do ano passado, com &#8220;Jenifer&#8221;, o grande hit do \u00faltimo ver\u00e3o. A m\u00fasica divertida sobre uma mulher encontrada no Tinder foi a primeira de Diniz a chegar ao topo das paradas de todo o Brasil.<\/p>\n\n\n\n<p>Os maiores sucessos anteriores dele eram &#8220;Paraquedas&#8221;, com Jorge e Mateus (18 milh\u00f5es de visualiza\u00e7\u00f5es no YouTube) e &#8220;Acabou, acabou&#8221;, com Wesley Safad\u00e3o (62 milh\u00f5es). GD tinha empres\u00e1rios em comum com Safad\u00e3o.<\/p>\n\n\n\n<p>&#8220;Jenifer&#8221; foi escrita pelo grupo de compositores Big Jhows, originalmente para Gusttavo Lima. A interpreta\u00e7\u00e3o de GD deu um tom mais leve e quase humor\u00edstico \u00e0 letra.<\/p>\n\n\n\n<blockquote class=\"wp-block-quote is-layout-flow wp-block-quote-is-layout-flow\"><p>&#8220;Ningu\u00e9m achou que ia ser esse sucesso. Nem o pessoal do meu escrit\u00f3rio, nem meu empres\u00e1rio. O Wesley [Safad\u00e3o] n\u00e3o acreditou, ningu\u00e9m acreditou. Foi uma aposta minha, sozinho mesmo&#8221;, declarou Gabriel em entrevista.<\/p><p><\/p><p>G1<\/p><\/blockquote>\n\n\n\n<p><br><\/p>\n","protected":false},"excerpt":{"rendered":"<p>O corpo do cantor Gabriel Dinizchegou por volta de 5h desta ter\u00e7a-feira (28) ao gin\u00e1sio de esportes Ronald\u00e3o, no bairro do Cristo Redentor, em Jo\u00e3o&hellip; <\/p>\n","protected":false},"author":1,"featured_media":96753,"comment_status":"closed","ping_status":"closed","sticky":false,"template":"","format":"standard","meta":{"sfsi_plus_gutenberg_text_before_share":"","sfsi_plus_gutenberg_show_text_before_share":"","sfsi_plus_gutenberg_icon_type":"","sfsi_plus_gutenberg_icon_alignemt":"","sfsi_plus_gutenburg_max_per_row":"","footnotes":""},"categories":[50,2],"tags":[],"class_list":["post-96848","post","type-post","status-publish","format-standard","has-post-thumbnail","hentry","category-destaque","category-geral"],"_links":{"self":[{"href":"https:\/\/www.caririemacao.com\/1\/wp-json\/wp\/v2\/posts\/96848","targetHints":{"allow":["GET"]}}],"collection":[{"href":"https:\/\/www.caririemacao.com\/1\/wp-json\/wp\/v2\/posts"}],"about":[{"href":"https:\/\/www.caririemacao.com\/1\/wp-json\/wp\/v2\/types\/post"}],"author":[{"embeddable":true,"href":"https:\/\/www.caririemacao.com\/1\/wp-json\/wp\/v2\/users\/1"}],"replies":[{"embeddable":true,"href":"https:\/\/www.caririemacao.com\/1\/wp-json\/wp\/v2\/comments?post=96848"}],"version-history":[{"count":1,"href":"https:\/\/www.caririemacao.com\/1\/wp-json\/wp\/v2\/posts\/96848\/revisions"}],"predecessor-version":[{"id":96852,"href":"https:\/\/www.caririemacao.com\/1\/wp-json\/wp\/v2\/posts\/96848\/revisions\/96852"}],"wp:featuredmedia":[{"embeddable":true,"href":"https:\/\/www.caririemacao.com\/1\/wp-json\/wp\/v2\/media\/96753"}],"wp:attachment":[{"href":"https:\/\/www.caririemacao.com\/1\/wp-json\/wp\/v2\/media?parent=96848"}],"wp:term":[{"taxonomy":"category","embeddable":true,"href":"https:\/\/www.caririemacao.com\/1\/wp-json\/wp\/v2\/categories?post=96848"},{"taxonomy":"post_tag","embeddable":true,"href":"https:\/\/www.caririemacao.com\/1\/wp-json\/wp\/v2\/tags?post=96848"}],"curies":[{"name":"wp","href":"https:\/\/api.w.org\/{rel}","templated":true}]}}