{"id":96856,"date":"2019-05-28T09:19:34","date_gmt":"2019-05-28T12:19:34","guid":{"rendered":"http:\/\/www.caririemacao.com\/1\/?p=96856"},"modified":"2019-05-28T09:19:34","modified_gmt":"2019-05-28T12:19:34","slug":"operacao-da-policia-militar-desarticula-esquema-de-venda-de-drogas-em-joao-pessoa","status":"publish","type":"post","link":"https:\/\/www.caririemacao.com\/1\/2019\/05\/28\/operacao-da-policia-militar-desarticula-esquema-de-venda-de-drogas-em-joao-pessoa\/","title":{"rendered":"Opera\u00e7\u00e3o da Pol\u00edcia Militar desarticula esquema de venda de drogas, em Jo\u00e3o Pessoa"},"content":{"rendered":"\n<p>Uma opera\u00e7\u00e3o realizada pela Pol\u00edcia Militar da Para\u00edba desarticulou, na noite desta segunda-feira (27), um esquema de venda de drogas, em uma \u201cboca de fumo\u201d no Centro da Capital.&nbsp;<\/p>\n\n\n\n<p>Segundo a PM, a abordagem aconteceu dentro de uma resid\u00eancia, que era ponto de encontro entre usu\u00e1rios e traficantes, onde foram encontrados maconha, crack, coca\u00edna, al\u00e9m de um rev\u00f3lver calibre 38 com muni\u00e7\u00f5es intactas.&nbsp;<\/p>\n\n\n\n<h1 class=\"wp-block-heading\"><strong>Chefe da \u201cboca\u201d preso<\/strong><\/h1>\n\n\n\n<p>Durante a opera\u00e7\u00e3o, um suspeito de chefiar a \u201cboca\u201d foi preso em flagrante. O homem e todo material apreendido foram encaminhados para a Central de Flagrantes da Pol\u00edcia Civil, no bairro do Geisel, em Jo\u00e3o Pessoa.<\/p>\n\n\n\n<p><\/p>\n\n\n\n<p>WSCOM<\/p>\n","protected":false},"excerpt":{"rendered":"<p>Uma opera\u00e7\u00e3o realizada pela Pol\u00edcia Militar da Para\u00edba desarticulou, na noite desta segunda-feira (27), um esquema de venda de drogas, em uma \u201cboca de fumo\u201d&hellip; <\/p>\n","protected":false},"author":1,"featured_media":85856,"comment_status":"closed","ping_status":"closed","sticky":false,"template":"","format":"standard","meta":{"sfsi_plus_gutenberg_text_before_share":"","sfsi_plus_gutenberg_show_text_before_share":"","sfsi_plus_gutenberg_icon_type":"","sfsi_plus_gutenberg_icon_alignemt":"","sfsi_plus_gutenburg_max_per_row":"","footnotes":""},"categories":[12],"tags":[],"class_list":["post-96856","post","type-post","status-publish","format-standard","has-post-thumbnail","hentry","category-policia"],"_links":{"self":[{"href":"https:\/\/www.caririemacao.com\/1\/wp-json\/wp\/v2\/posts\/96856","targetHints":{"allow":["GET"]}}],"collection":[{"href":"https:\/\/www.caririemacao.com\/1\/wp-json\/wp\/v2\/posts"}],"about":[{"href":"https:\/\/www.caririemacao.com\/1\/wp-json\/wp\/v2\/types\/post"}],"author":[{"embeddable":true,"href":"https:\/\/www.caririemacao.com\/1\/wp-json\/wp\/v2\/users\/1"}],"replies":[{"embeddable":true,"href":"https:\/\/www.caririemacao.com\/1\/wp-json\/wp\/v2\/comments?post=96856"}],"version-history":[{"count":1,"href":"https:\/\/www.caririemacao.com\/1\/wp-json\/wp\/v2\/posts\/96856\/revisions"}],"predecessor-version":[{"id":96858,"href":"https:\/\/www.caririemacao.com\/1\/wp-json\/wp\/v2\/posts\/96856\/revisions\/96858"}],"wp:featuredmedia":[{"embeddable":true,"href":"https:\/\/www.caririemacao.com\/1\/wp-json\/wp\/v2\/media\/85856"}],"wp:attachment":[{"href":"https:\/\/www.caririemacao.com\/1\/wp-json\/wp\/v2\/media?parent=96856"}],"wp:term":[{"taxonomy":"category","embeddable":true,"href":"https:\/\/www.caririemacao.com\/1\/wp-json\/wp\/v2\/categories?post=96856"},{"taxonomy":"post_tag","embeddable":true,"href":"https:\/\/www.caririemacao.com\/1\/wp-json\/wp\/v2\/tags?post=96856"}],"curies":[{"name":"wp","href":"https:\/\/api.w.org\/{rel}","templated":true}]}}