{"id":96860,"date":"2019-05-28T09:29:21","date_gmt":"2019-05-28T12:29:21","guid":{"rendered":"http:\/\/www.caririemacao.com\/1\/?p=96860"},"modified":"2019-05-28T09:29:21","modified_gmt":"2019-05-28T12:29:21","slug":"municipio-de-monteiro-e-contemplada-com-nova-ambulancia-do-samu","status":"publish","type":"post","link":"https:\/\/www.caririemacao.com\/1\/2019\/05\/28\/municipio-de-monteiro-e-contemplada-com-nova-ambulancia-do-samu\/","title":{"rendered":"Munic\u00edpio de Monteiro \u00e9 contemplada com nova ambul\u00e2ncia do SAMU"},"content":{"rendered":"\n<p>O Minist\u00e9rio da Sa\u00fade entrega a partir desta segunda-feira (27), 12 ambul\u00e2ncias para o SAMU da Para\u00edba. As cidades de Alagoa Grande, Concei\u00e7\u00e3o, Guarabira, Monteiro, Queimadas, Sap\u00e9 Soledade e&nbsp;&nbsp;Uira\u00fana receber\u00e3o uma unidade cada. J\u00e1 a cidade de Patos receber\u00e1 quatro ambul\u00e2ncias. Em todo o pa\u00eds ser\u00e3o distribu\u00eddas 419 ambul\u00e2ncias que ir\u00e3o beneficiar moradores de 238 munic\u00edpios em 22 estados do pa\u00eds. J\u00e1 foram entregues 289 ve\u00edculos do SAMU. A meta \u00e9 renovar 100% da frota at\u00e9 o fim deste ano.<\/p>\n\n\n\n<p>O munic\u00edpio de Monteiro j\u00e1 conta com uma base do SAMU que atende toda regi\u00e3o do Cariri paraibano.<\/p>\n\n\n\n<p>O Servi\u00e7o de Atendimento M\u00f3vel de Urg\u00eancia (SAMU 192) passar\u00e1&nbsp;cobrir, 84,6% da popula\u00e7\u00e3o e a alcan\u00e7ar 173,8 milh\u00f5es de pessoas em todo o pa\u00eds.<\/p>\n\n\n\n<p>A medida renova parte da frota que j\u00e1 est\u00e1 em funcionamento e expande o atendimento a 66 novos munic\u00edpios, que passam dos atuais 3.606 para 3.672. A entrega das novas ambul\u00e2ncias para gestores de v\u00e1rias partes do pa\u00eds foi feita pelo ministro da Sa\u00fade, Luiz Henrique Mandetta, durante cerim\u00f4nia em Sorocaba (SP).<\/p>\n\n\n\n<p>Com a entrega das novas ambul\u00e2ncias, os servi\u00e7os de sa\u00fade de urg\u00eancia e emerg\u00eancia melhoram as condi\u00e7\u00f5es de socorro imediato nas localidades beneficiadas. Ao todo, s\u00e3o 238 munic\u00edpios brasileiros de 22 estados que passam a contar com o refor\u00e7o do SAMU 192. Dos 419 ve\u00edculos, 298 s\u00e3o para renova\u00e7\u00e3o de frota e 121 ambul\u00e2ncias para amplia\u00e7\u00e3o, expans\u00e3o e implanta\u00e7\u00e3o do servi\u00e7o. A expectativa \u00e9 que, at\u00e9 o final do ano, sejam entregues novas unidades, quando ser\u00e1 poss\u00edvel renovar 100% da frota existente.<\/p>\n\n\n\n<p><strong>SAMU 192&nbsp;<\/strong><\/p>\n\n\n\n<p>O objetivo do SAMU 192, que funciona 24h por dia, \u00e9 socorrer rapidamente pacientes com necessidade de serem levados a unidades que prestam servi\u00e7os de urg\u00eancia ou emerg\u00eancia, como hospitais e Unidades de Pronto Atendimento (UPA), para atendimentos cl\u00ednicos, cir\u00fargicos, obst\u00e9tricos, entre outros, evitando sofrimento, sequelas ou mesmo a morte.<\/p>\n\n\n\n<p>O acionamento do SAMU se d\u00e1 pela liga\u00e7\u00e3o gratuita \u00e0 Central de Regula\u00e7\u00e3o de Urg\u00eancias, pelo n\u00famero 192. A partir do atendimento, as equipes formadas por m\u00e9dicos, enfermeiros, auxiliares de enfermagem e condutores socorristas s\u00e3o destacados para prestar o atendimento. <\/p>\n\n\n\n<p>VITRINE DO CARIRI<\/p>\n","protected":false},"excerpt":{"rendered":"<p>O Minist\u00e9rio da Sa\u00fade entrega a partir desta segunda-feira (27), 12 ambul\u00e2ncias para o SAMU da Para\u00edba. As cidades de Alagoa Grande, Concei\u00e7\u00e3o, Guarabira, Monteiro,&hellip; <\/p>\n","protected":false},"author":1,"featured_media":96861,"comment_status":"closed","ping_status":"closed","sticky":false,"template":"","format":"standard","meta":{"sfsi_plus_gutenberg_text_before_share":"","sfsi_plus_gutenberg_show_text_before_share":"","sfsi_plus_gutenberg_icon_type":"","sfsi_plus_gutenberg_icon_alignemt":"","sfsi_plus_gutenburg_max_per_row":"","footnotes":""},"categories":[6,50],"tags":[],"class_list":["post-96860","post","type-post","status-publish","format-standard","has-post-thumbnail","hentry","category-cidades","category-destaque"],"_links":{"self":[{"href":"https:\/\/www.caririemacao.com\/1\/wp-json\/wp\/v2\/posts\/96860","targetHints":{"allow":["GET"]}}],"collection":[{"href":"https:\/\/www.caririemacao.com\/1\/wp-json\/wp\/v2\/posts"}],"about":[{"href":"https:\/\/www.caririemacao.com\/1\/wp-json\/wp\/v2\/types\/post"}],"author":[{"embeddable":true,"href":"https:\/\/www.caririemacao.com\/1\/wp-json\/wp\/v2\/users\/1"}],"replies":[{"embeddable":true,"href":"https:\/\/www.caririemacao.com\/1\/wp-json\/wp\/v2\/comments?post=96860"}],"version-history":[{"count":1,"href":"https:\/\/www.caririemacao.com\/1\/wp-json\/wp\/v2\/posts\/96860\/revisions"}],"predecessor-version":[{"id":96862,"href":"https:\/\/www.caririemacao.com\/1\/wp-json\/wp\/v2\/posts\/96860\/revisions\/96862"}],"wp:featuredmedia":[{"embeddable":true,"href":"https:\/\/www.caririemacao.com\/1\/wp-json\/wp\/v2\/media\/96861"}],"wp:attachment":[{"href":"https:\/\/www.caririemacao.com\/1\/wp-json\/wp\/v2\/media?parent=96860"}],"wp:term":[{"taxonomy":"category","embeddable":true,"href":"https:\/\/www.caririemacao.com\/1\/wp-json\/wp\/v2\/categories?post=96860"},{"taxonomy":"post_tag","embeddable":true,"href":"https:\/\/www.caririemacao.com\/1\/wp-json\/wp\/v2\/tags?post=96860"}],"curies":[{"name":"wp","href":"https:\/\/api.w.org\/{rel}","templated":true}]}}