{"id":96863,"date":"2019-05-28T09:38:03","date_gmt":"2019-05-28T12:38:03","guid":{"rendered":"http:\/\/www.caririemacao.com\/1\/?p=96863"},"modified":"2019-05-28T09:38:03","modified_gmt":"2019-05-28T12:38:03","slug":"rio-de-janeiro-prorroga-vacinacao-contra-gripe-por-mais-15-dias","status":"publish","type":"post","link":"https:\/\/www.caririemacao.com\/1\/2019\/05\/28\/rio-de-janeiro-prorroga-vacinacao-contra-gripe-por-mais-15-dias\/","title":{"rendered":"Rio de Janeiro prorroga vacina\u00e7\u00e3o contra gripe por mais 15 dias"},"content":{"rendered":"\n<p>A Secretaria Estadual de Sa\u00fade do Rio de Janeiro decidiu prorrogar por mais 15 dias a vacina\u00e7\u00e3o contra a gripe. A campanha nacional se encerra na pr\u00f3xima sexta-feira (31), mas as autoridades sanit\u00e1rias resolveram fazer a imuniza\u00e7\u00e3o at\u00e9 o dia 15 de junho nos 92 munic\u00edpios do estado.<\/p>\n\n\n\n<p>Segundo dados divulgados pelo Minist\u00e9rio da Sa\u00fade, o estado do Rio de Janeiro imunizou 2,6 milh\u00f5es de pessoas, ou seja, apenas 54,5% do p\u00fablico-alvo, a menor cobertura vacinal entre todas as unidades da federa\u00e7\u00e3o e a \u00fanica com menos de 60%. Com a extens\u00e3o do prazo, a Secretaria de Sa\u00fade espera ampliar esse percentual para 90% &#8211; ou 4,9 milh\u00f5es de pessoas.<\/p>\n\n\n\n<p>De acordo com a Superintend\u00eancia de Vigil\u00e2ncia Epidemiol\u00f3gica do estado, foram notificados, neste ano, 77 casos de influenza, com 18 mortes. No ano passado, foram 233 casos, com 30 mortes.<\/p>\n\n\n\n<p>O p\u00fablico-alvo inclui crian\u00e7as de 6 meses a menores de 6 anos de idade (5 anos, 11 meses e 29 dias), idosos, gestantes e m\u00e3es com at\u00e9 45 dias ap\u00f3s o parto.<\/p>\n\n\n\n<p>A vacina tamb\u00e9m est\u00e1 dispon\u00edvel a jovens de 12 a 21 anos de idade sob medida socioeducativa e popula\u00e7\u00e3o privada de liberdade, funcion\u00e1rios do sistema prisional e pessoas portadoras de doen\u00e7as cr\u00f4nicas n\u00e3o transmiss\u00edveis e outras condi\u00e7\u00f5es especiais, independentemente da idade.<\/p>\n\n\n\n<p>Professores das escolas p\u00fablicas e privadas, policiais civis e militares, bombeiros e membros ativos das For\u00e7as Armadas tamb\u00e9m podem se vacinar.<\/p>\n\n\n\n<p>EBC<\/p>\n","protected":false},"excerpt":{"rendered":"<p>A Secretaria Estadual de Sa\u00fade do Rio de Janeiro decidiu prorrogar por mais 15 dias a vacina\u00e7\u00e3o contra a gripe. A campanha nacional se encerra&hellip; <\/p>\n","protected":false},"author":1,"featured_media":96647,"comment_status":"closed","ping_status":"closed","sticky":false,"template":"","format":"standard","meta":{"sfsi_plus_gutenberg_text_before_share":"","sfsi_plus_gutenberg_show_text_before_share":"","sfsi_plus_gutenberg_icon_type":"","sfsi_plus_gutenberg_icon_alignemt":"","sfsi_plus_gutenburg_max_per_row":"","footnotes":""},"categories":[16],"tags":[],"class_list":["post-96863","post","type-post","status-publish","format-standard","has-post-thumbnail","hentry","category-saude"],"_links":{"self":[{"href":"https:\/\/www.caririemacao.com\/1\/wp-json\/wp\/v2\/posts\/96863","targetHints":{"allow":["GET"]}}],"collection":[{"href":"https:\/\/www.caririemacao.com\/1\/wp-json\/wp\/v2\/posts"}],"about":[{"href":"https:\/\/www.caririemacao.com\/1\/wp-json\/wp\/v2\/types\/post"}],"author":[{"embeddable":true,"href":"https:\/\/www.caririemacao.com\/1\/wp-json\/wp\/v2\/users\/1"}],"replies":[{"embeddable":true,"href":"https:\/\/www.caririemacao.com\/1\/wp-json\/wp\/v2\/comments?post=96863"}],"version-history":[{"count":1,"href":"https:\/\/www.caririemacao.com\/1\/wp-json\/wp\/v2\/posts\/96863\/revisions"}],"predecessor-version":[{"id":96864,"href":"https:\/\/www.caririemacao.com\/1\/wp-json\/wp\/v2\/posts\/96863\/revisions\/96864"}],"wp:featuredmedia":[{"embeddable":true,"href":"https:\/\/www.caririemacao.com\/1\/wp-json\/wp\/v2\/media\/96647"}],"wp:attachment":[{"href":"https:\/\/www.caririemacao.com\/1\/wp-json\/wp\/v2\/media?parent=96863"}],"wp:term":[{"taxonomy":"category","embeddable":true,"href":"https:\/\/www.caririemacao.com\/1\/wp-json\/wp\/v2\/categories?post=96863"},{"taxonomy":"post_tag","embeddable":true,"href":"https:\/\/www.caririemacao.com\/1\/wp-json\/wp\/v2\/tags?post=96863"}],"curies":[{"name":"wp","href":"https:\/\/api.w.org\/{rel}","templated":true}]}}