{"id":96865,"date":"2019-05-28T10:08:46","date_gmt":"2019-05-28T13:08:46","guid":{"rendered":"http:\/\/www.caririemacao.com\/1\/?p=96865"},"modified":"2019-05-28T10:08:46","modified_gmt":"2019-05-28T13:08:46","slug":"diretor-de-cadeia-e-exonerado-apos-denuncia-de-regalia-a-preso","status":"publish","type":"post","link":"https:\/\/www.caririemacao.com\/1\/2019\/05\/28\/diretor-de-cadeia-e-exonerado-apos-denuncia-de-regalia-a-preso\/","title":{"rendered":"Diretor de Cadeia \u00e9 exonerado ap\u00f3s den\u00fancia de regalia a preso"},"content":{"rendered":"\n<p>O diretor da Cadeia P\u00fablica de Sol\u00e2nea, Fernando Diogo J\u00fanior, foi exonerado do cargo ap\u00f3s den\u00fancia de que um estelionat\u00e1rio preso em agosto do ano passado tinha fugiu levando uma pistola do Sistema Penitenci\u00e1rio. Segundo informa\u00e7\u00f5es repassadas ao&nbsp;<strong>Portal Correio<\/strong>, o detento gozava de \u2018regalias\u2019 na unidade e teria dito que iria a um motel no dia da fuga.<\/p>\n\n\n\n<p>A exonera\u00e7\u00e3o do diretor foi publicada na edi\u00e7\u00e3o desta ter\u00e7a-feira (28), do&nbsp;Diario Oficial do Estado (DOE).<\/p>\n\n\n\n<p>Em nota,&nbsp;Fernando negou a denuncia e afirmou que o detento apenas prestava servi\u00e7os junto \u00e0 unidade para fins de remi\u00e7\u00e3o de pena.<\/p>\n\n\n\n<p>O caso motivou a abertura de um inqu\u00e9rito pela Pol\u00edcia Civil de um procedimento administrativo pela pr\u00f3pria Secretaria de Administra\u00e7\u00e3o Penitenci\u00e1ria para apurar poss\u00edveis participa\u00e7\u00f5es de servidores do poder p\u00fablico na fuga.<\/p>\n\n\n\n<h2 class=\"wp-block-heading\">Substituto \u00e9 anunciado<\/h2>\n\n\n\n<p>O Di\u00e1rio Oficial tamb\u00e9m trouxe o ato governamental designando o diretor da Cadeia de Alagoinha, Jonny Ville da Silva Brilhante, para responder cumulativamente&nbsp; pelo cargo.<\/p>\n\n\n\n<p>Portal Correio<\/p>\n","protected":false},"excerpt":{"rendered":"<p>O diretor da Cadeia P\u00fablica de Sol\u00e2nea, Fernando Diogo J\u00fanior, foi exonerado do cargo ap\u00f3s den\u00fancia de que um estelionat\u00e1rio preso em agosto do ano&hellip; <\/p>\n","protected":false},"author":1,"featured_media":96872,"comment_status":"closed","ping_status":"closed","sticky":false,"template":"","format":"standard","meta":{"sfsi_plus_gutenberg_text_before_share":"","sfsi_plus_gutenberg_show_text_before_share":"","sfsi_plus_gutenberg_icon_type":"","sfsi_plus_gutenberg_icon_alignemt":"","sfsi_plus_gutenburg_max_per_row":"","footnotes":""},"categories":[12],"tags":[],"class_list":["post-96865","post","type-post","status-publish","format-standard","has-post-thumbnail","hentry","category-policia"],"_links":{"self":[{"href":"https:\/\/www.caririemacao.com\/1\/wp-json\/wp\/v2\/posts\/96865","targetHints":{"allow":["GET"]}}],"collection":[{"href":"https:\/\/www.caririemacao.com\/1\/wp-json\/wp\/v2\/posts"}],"about":[{"href":"https:\/\/www.caririemacao.com\/1\/wp-json\/wp\/v2\/types\/post"}],"author":[{"embeddable":true,"href":"https:\/\/www.caririemacao.com\/1\/wp-json\/wp\/v2\/users\/1"}],"replies":[{"embeddable":true,"href":"https:\/\/www.caririemacao.com\/1\/wp-json\/wp\/v2\/comments?post=96865"}],"version-history":[{"count":1,"href":"https:\/\/www.caririemacao.com\/1\/wp-json\/wp\/v2\/posts\/96865\/revisions"}],"predecessor-version":[{"id":96874,"href":"https:\/\/www.caririemacao.com\/1\/wp-json\/wp\/v2\/posts\/96865\/revisions\/96874"}],"wp:featuredmedia":[{"embeddable":true,"href":"https:\/\/www.caririemacao.com\/1\/wp-json\/wp\/v2\/media\/96872"}],"wp:attachment":[{"href":"https:\/\/www.caririemacao.com\/1\/wp-json\/wp\/v2\/media?parent=96865"}],"wp:term":[{"taxonomy":"category","embeddable":true,"href":"https:\/\/www.caririemacao.com\/1\/wp-json\/wp\/v2\/categories?post=96865"},{"taxonomy":"post_tag","embeddable":true,"href":"https:\/\/www.caririemacao.com\/1\/wp-json\/wp\/v2\/tags?post=96865"}],"curies":[{"name":"wp","href":"https:\/\/api.w.org\/{rel}","templated":true}]}}