{"id":96869,"date":"2019-05-28T10:08:15","date_gmt":"2019-05-28T13:08:15","guid":{"rendered":"http:\/\/www.caririemacao.com\/1\/?p=96869"},"modified":"2019-05-28T10:08:15","modified_gmt":"2019-05-28T13:08:15","slug":"pai-de-piloto-nega-que-gabriel-diniz-pegou-carona-voo-foi-fretado-e-o-aeroclube-sabia","status":"publish","type":"post","link":"https:\/\/www.caririemacao.com\/1\/2019\/05\/28\/pai-de-piloto-nega-que-gabriel-diniz-pegou-carona-voo-foi-fretado-e-o-aeroclube-sabia\/","title":{"rendered":"Pai de piloto nega que Gabriel Diniz pegou carona: &#8216;Voo foi fretado e o Aeroclube sabia&#8217;"},"content":{"rendered":"\n<p>O pai do piloto Gabriel Abra\u00e3o Farias disse em entrevista \u00e0\u00a0<strong>TV Gazeta<\/strong>\u00a0nesta ter\u00e7a-feira (28) que o cantor Gabriel Diniz n\u00e3o pegou carona no avi\u00e3o,\u00a0<a href=\"https:\/\/g1.globo.com\/al\/alagoas\/noticia\/2019\/05\/27\/pilotos-de-aviao-que-caiu-com-gabriel-diniz-em-se-eram-diretores-do-aeroclube-de-al.ghtml#G1-POST-TOP-12H-item-sel-2,top,dd8e4985-01fc-44e0-ad0e-e72e4982bd41\">como havia sido informado anteriormente pelo Aeroclube de Alagoas<\/a>, mas que ele fretou o voo para Macei\u00f3. O piloto, o m\u00fasico e o copiloto Linaldo Xavier Rodrigues\u00a0<a href=\"https:\/\/g1.globo.com\/se\/sergipe\/noticia\/2019\/05\/27\/corpo-de-bombeiros-e-acionado-para-atender-acidente-envolvendo-queda-de-bimotor.ghtml\">morreram ap\u00f3s a queda da aeronave em est\u00e2ncia (SE), na segunda (27)<\/a>.<\/p>\n\n\n\n<p><a href=\"https:\/\/g1.globo.com\/al\/alagoas\/noticia\/2019\/05\/28\/corpo-de-piloto-que-morreu-em-queda-de-aviao-com-gabriel-diniz-e-velado-em-alagoas.ghtml\">Os corpos dos pilotos est\u00e3o em Alagoas<\/a>para vel\u00f3rio e sepultamento.&nbsp;<a href=\"https:\/\/g1.globo.com\/pb\/paraiba\/noticia\/2019\/05\/28\/comeca-em-joao-pessoa-o-velorio-do-cantor-gabriel-diniz.ghtml\">O corpo de Gabriel Diniz est\u00e1 sendo velado em Jo\u00e3o Pessoa<\/a>, na Para\u00edba, onde ser\u00e1 sepultado.<\/p>\n\n\n\n<p>De acordo Erivaldo Farias, Gabriel Diniz saiu de Macei\u00f3 para fazer show em Feira de Santana (BA) e retornaria para Macei\u00f3, onde iria&nbsp;<a href=\"https:\/\/g1.globo.com\/pop-arte\/noticia\/2019\/05\/27\/gabriel-diniz-seguia-para-maceio-para-celebrar-o-aniversario-da-namorada-karoline-calheiros.ghtml\">comemorar o anivers\u00e1rio da namorada, Karolline Calheiros<\/a>.<\/p>\n\n\n\n<blockquote class=\"wp-block-quote is-layout-flow wp-block-quote-is-layout-flow\"><p>&#8220;Ele saiu daqui [Macei\u00f3] do Aeroclube pra Salvador. L\u00e1 ele arrumou um hotel para meu filho e o copiloto ficarem. Quando terminou o show, eles iam retornar pra c\u00e1. Mas n\u00e3o teve carona, o voo foi fretado e o Aeroclube sabia. A aeronave estava em dia e o piloto tamb\u00e9m&#8221;, afirma.<\/p><\/blockquote>\n\n\n\n<p>A reportagem do&nbsp;<strong>G1<\/strong>&nbsp;entrou em contato com a assessoria do Aeroclube, que disse desconhecer essa informa\u00e7\u00e3o.<\/p>\n\n\n\n<p>Os pilotos e Gabriel Diniz viajavam em uma aeronave monomotor, de matr\u00edcula PT-KLO, da fabricante Piper Aircraft, que pertencia ao Aeroclube de Alagoas. Eles voltavam<\/p>\n\n\n\n<p>Em nota, a Ag\u00eancia Nacional de Avia\u00e7\u00e3o Civil (ANAC), informou que o avi\u00e3o estava em situa\u00e7\u00e3o regular: com o Certificado de Aeronavegabilidade (CA) v\u00e1lido at\u00e9 fevereiro de 2023 e a Inspe\u00e7\u00e3o Anual de Manuten\u00e7\u00e3o (IAM) em dia at\u00e9 mar\u00e7o de 2020.<\/p>\n\n\n\n<p>Contudo, de acordo com a ag\u00eancia, a aeronave que caiu s\u00f3 poderia fazer voos de treinamento ou de instru\u00e7\u00e3o, que era proibida para o t\u00e1xi a\u00e9reo.<\/p>\n\n\n\n<p>A ANAC abriu investiga\u00e7\u00e3o para apurar se a aeronave fazia t\u00e1xi a\u00e9reo irregular,\u00a0<a href=\"https:\/\/g1.globo.com\/al\/alagoas\/noticia\/2019\/05\/27\/anac-diz-haver-indicios-de-que-aviao-que-caiu-com-gabriel-diniz-fazia-taxi-aereo-ilegal-agencia-suspende-aeroclube-de-alagoas.ghtml\">suspendeu as opera\u00e7\u00f5es e interditou nove aeronaves do Aeroclube de Alagoas<\/a>.<\/p>\n\n\n\n<p>G1<\/p>\n","protected":false},"excerpt":{"rendered":"<p>O pai do piloto Gabriel Abra\u00e3o Farias disse em entrevista \u00e0\u00a0TV Gazeta\u00a0nesta ter\u00e7a-feira (28) que o cantor Gabriel Diniz n\u00e3o pegou carona no avi\u00e3o,\u00a0como havia&hellip; <\/p>\n","protected":false},"author":2,"featured_media":96871,"comment_status":"closed","ping_status":"closed","sticky":false,"template":"","format":"standard","meta":{"sfsi_plus_gutenberg_text_before_share":"","sfsi_plus_gutenberg_show_text_before_share":"","sfsi_plus_gutenberg_icon_type":"","sfsi_plus_gutenberg_icon_alignemt":"","sfsi_plus_gutenburg_max_per_row":"","footnotes":""},"categories":[2],"tags":[],"class_list":["post-96869","post","type-post","status-publish","format-standard","has-post-thumbnail","hentry","category-geral"],"_links":{"self":[{"href":"https:\/\/www.caririemacao.com\/1\/wp-json\/wp\/v2\/posts\/96869","targetHints":{"allow":["GET"]}}],"collection":[{"href":"https:\/\/www.caririemacao.com\/1\/wp-json\/wp\/v2\/posts"}],"about":[{"href":"https:\/\/www.caririemacao.com\/1\/wp-json\/wp\/v2\/types\/post"}],"author":[{"embeddable":true,"href":"https:\/\/www.caririemacao.com\/1\/wp-json\/wp\/v2\/users\/2"}],"replies":[{"embeddable":true,"href":"https:\/\/www.caririemacao.com\/1\/wp-json\/wp\/v2\/comments?post=96869"}],"version-history":[{"count":1,"href":"https:\/\/www.caririemacao.com\/1\/wp-json\/wp\/v2\/posts\/96869\/revisions"}],"predecessor-version":[{"id":96873,"href":"https:\/\/www.caririemacao.com\/1\/wp-json\/wp\/v2\/posts\/96869\/revisions\/96873"}],"wp:featuredmedia":[{"embeddable":true,"href":"https:\/\/www.caririemacao.com\/1\/wp-json\/wp\/v2\/media\/96871"}],"wp:attachment":[{"href":"https:\/\/www.caririemacao.com\/1\/wp-json\/wp\/v2\/media?parent=96869"}],"wp:term":[{"taxonomy":"category","embeddable":true,"href":"https:\/\/www.caririemacao.com\/1\/wp-json\/wp\/v2\/categories?post=96869"},{"taxonomy":"post_tag","embeddable":true,"href":"https:\/\/www.caririemacao.com\/1\/wp-json\/wp\/v2\/tags?post=96869"}],"curies":[{"name":"wp","href":"https:\/\/api.w.org\/{rel}","templated":true}]}}