{"id":96883,"date":"2019-05-28T11:45:43","date_gmt":"2019-05-28T14:45:43","guid":{"rendered":"http:\/\/www.caririemacao.com\/1\/?p=96883"},"modified":"2019-05-28T11:45:43","modified_gmt":"2019-05-28T14:45:43","slug":"pai-de-gabriel-diniz-afirma-ter-pressentido-que-algo-ruim-aconteceria-ao-filho","status":"publish","type":"post","link":"https:\/\/www.caririemacao.com\/1\/2019\/05\/28\/pai-de-gabriel-diniz-afirma-ter-pressentido-que-algo-ruim-aconteceria-ao-filho\/","title":{"rendered":"Pai de Gabriel Diniz afirma ter pressentido que algo ruim aconteceria ao filho"},"content":{"rendered":"\n<p>\u201cEu falo para os f\u00e3s que n\u00e3o se sintam tristes porque Gabriel \u00e9 para mim a maior representatividade da alegria e eu n\u00e3o me incomodo que as pessoas se manifestem com alegria nesse momento\u201d, diz Jos\u00e9 Diniz, pai do cantor Gabriel Diniz.<\/p>\n\n\n\n<p>O corpo do m\u00fasico est\u00e1 sendo velado na manh\u00e3 desta ter\u00e7a-feira (28), no gin\u00e1sio O Ronald\u00e3o, no bairro do Cristo Redentor, em Jo\u00e3o Pessoa, na Para\u00edba.<\/p>\n\n\n\n<p>Centenas de f\u00e3s formaram filas no lado de fora e dentro do gin\u00e1sio para acompanhar o \u00faltimo adeus ao cantor que ficou conhecido pelo hit que movimentou o Carnaval 2019, \u201cJennifer\u201d.<\/p>\n\n\n\n<p>O pai do cantor revelou que pressentiu que algo ruim iria acontecer quando o filho disse que teria fretado um voo. \u201cEle disse: \u2018Painho, eu ia de carro, mas vai gastar muito tempo e a\u00ed a gente contatou uma empresa aqui. Eu fechei um voo que vai comigo. Vou de carro at\u00e9 Feira de Santana. Vou ao m\u00e9dico e depois a gente vai se encontrar a\u00ed\u2019. Quando ele falou isso, eu confesso que senti que isso iria acontecer. Eu senti e n\u00e3o tive coragem de falar isso para ele ou para algu\u00e9m porque ele \u00e9 muito forte. Ele ia dizer: \u2018N\u00e3o painho. Isso \u00e9 brincadeira. Isso n\u00e3o existe\u201d, relatou Jos\u00e9 Diniz.<\/p>\n\n\n\n<p>Ainda segundo o pai do m\u00fasico, Gabriel estava se preparando para se casar com a psic\u00f3loga Karoline Calheiros. \u201cEles estavam construindo uma casa\u201d, frisou Jos\u00e9 Diniz. Em todo momento que falou com a imprensa, o pai do cantor demonstrou for\u00e7a diante de uma perda tr\u00e1gica e precoce.<\/p>\n\n\n\n<p>Desde que o corpo chegou no gin\u00e1sio, a namorada permanece ao lado dele. Um dos amigos de GD, como tamb\u00e9m era conhecido o m\u00fasico, Ramon Schnayder, disse que os dois tinham agendado um encontro para esta quarta-feira (29), mas infelizmente n\u00e3o ir\u00e1 acontecer.<\/p>\n\n\n\n<p>\u201cMas acredito que um dia esse encontro ainda vai acontecer\u2026\u201d, falou muito emocionado. Destacou que os dois sempre se encontravam para compartilhar os bons momentos e revelou que GD n\u00e3o gostava de tristeza. \u201cEle era um cara pra cima\u201d, comentou.<\/p>\n\n\n\n<figure class=\"wp-block-image\"><img decoding=\"async\" data-src=\"https:\/\/paraibaonline.com.br\/wp-content\/uploads\/2019\/05\/pai-de-gabriel-diniz-567x361.jpg\" alt=\"Foto: reprodu\u00e7\u00e3o\/TV Cabo Branco\" class=\"wp-image-740178 lazyload\" src=\"data:image\/svg+xml;base64,PHN2ZyB3aWR0aD0iMSIgaGVpZ2h0PSIxIiB4bWxucz0iaHR0cDovL3d3dy53My5vcmcvMjAwMC9zdmciPjwvc3ZnPg==\" style=\"--smush-placeholder-width: 567px; --smush-placeholder-aspect-ratio: 567\/361;\" \/><\/figure>\n\n\n\n<p>Foto: reprodu\u00e7\u00e3o\/TV Cabo Branco<\/p>\n\n\n\n<p>Centenas de f\u00e3s passam nesta manh\u00e3 pelo corredor m\u00f3vel instalado pela organiza\u00e7\u00e3o do funeral e&nbsp;do Governo do Estado que cedeu o espa\u00e7o para as despedidas dos f\u00e3s. Algumas pessoas passaram mais de uma vez. Outros decidiram por ficar na arquibancada do gin\u00e1sio que tem capacidade para 5 mil, mas nem todas estavam ocupadas.<\/p>\n\n\n\n<p>Muitos deles passaram chorando como a auxiliar administrativa Bianca Alves,&nbsp;23. \u201cMoro aqui perto e n\u00e3o poderia deixar de d\u00e1 o \u00faltimo adeus. \u00c9 uma perda muito grande para a Para\u00edba. Eu adorava ver os stories dele. Ele sempre foi muito atencioso com os f\u00e3s. Vai deixar muitas saudades\u201d, falou emocionada.<\/p>\n\n\n\n<p>O secret\u00e1rio de Esportes da Para\u00edba, Herv\u00e1zio Bezerra confirmou que a missa de corpo presente acontecer\u00e1 \u00e0s 15h e o sepultamento est\u00e1 programado para \u00e0s 16h, no cemit\u00e9rio particular Parque das Ac\u00e1cias, no bairro Jos\u00e9 Am\u00e9rico, na Capital paraibana.<\/p>\n","protected":false},"excerpt":{"rendered":"<p>\u201cEu falo para os f\u00e3s que n\u00e3o se sintam tristes porque Gabriel \u00e9 para mim a maior representatividade da alegria e eu n\u00e3o me incomodo&hellip; <\/p>\n","protected":false},"author":1,"featured_media":96884,"comment_status":"closed","ping_status":"closed","sticky":false,"template":"","format":"standard","meta":{"sfsi_plus_gutenberg_text_before_share":"","sfsi_plus_gutenberg_show_text_before_share":"","sfsi_plus_gutenberg_icon_type":"","sfsi_plus_gutenberg_icon_alignemt":"","sfsi_plus_gutenburg_max_per_row":"","footnotes":""},"categories":[2],"tags":[],"class_list":["post-96883","post","type-post","status-publish","format-standard","has-post-thumbnail","hentry","category-geral"],"_links":{"self":[{"href":"https:\/\/www.caririemacao.com\/1\/wp-json\/wp\/v2\/posts\/96883","targetHints":{"allow":["GET"]}}],"collection":[{"href":"https:\/\/www.caririemacao.com\/1\/wp-json\/wp\/v2\/posts"}],"about":[{"href":"https:\/\/www.caririemacao.com\/1\/wp-json\/wp\/v2\/types\/post"}],"author":[{"embeddable":true,"href":"https:\/\/www.caririemacao.com\/1\/wp-json\/wp\/v2\/users\/1"}],"replies":[{"embeddable":true,"href":"https:\/\/www.caririemacao.com\/1\/wp-json\/wp\/v2\/comments?post=96883"}],"version-history":[{"count":1,"href":"https:\/\/www.caririemacao.com\/1\/wp-json\/wp\/v2\/posts\/96883\/revisions"}],"predecessor-version":[{"id":96885,"href":"https:\/\/www.caririemacao.com\/1\/wp-json\/wp\/v2\/posts\/96883\/revisions\/96885"}],"wp:featuredmedia":[{"embeddable":true,"href":"https:\/\/www.caririemacao.com\/1\/wp-json\/wp\/v2\/media\/96884"}],"wp:attachment":[{"href":"https:\/\/www.caririemacao.com\/1\/wp-json\/wp\/v2\/media?parent=96883"}],"wp:term":[{"taxonomy":"category","embeddable":true,"href":"https:\/\/www.caririemacao.com\/1\/wp-json\/wp\/v2\/categories?post=96883"},{"taxonomy":"post_tag","embeddable":true,"href":"https:\/\/www.caririemacao.com\/1\/wp-json\/wp\/v2\/tags?post=96883"}],"curies":[{"name":"wp","href":"https:\/\/api.w.org\/{rel}","templated":true}]}}