{"id":96886,"date":"2019-05-28T11:52:53","date_gmt":"2019-05-28T14:52:53","guid":{"rendered":"http:\/\/www.caririemacao.com\/1\/?p=96886"},"modified":"2019-05-28T11:52:53","modified_gmt":"2019-05-28T14:52:53","slug":"tite-decide-tirar-faixa-de-capitao-de-neymar-na-copa-america","status":"publish","type":"post","link":"https:\/\/www.caririemacao.com\/1\/2019\/05\/28\/tite-decide-tirar-faixa-de-capitao-de-neymar-na-copa-america\/","title":{"rendered":"Tite decide tirar faixa de capit\u00e3o de Neymar na Copa Am\u00e9rica"},"content":{"rendered":"\n<p>A CBF anunciou que Daniel Alves ser\u00e1 o capit\u00e3o da sele\u00e7\u00e3o brasileira na Copa Am\u00e9rica e nos amistosos de prepara\u00e7\u00e3o para a competi\u00e7\u00e3o. Tite decidiu tirar a faixa de capit\u00e3o de Neymar depois de o atacante ter dado um soco em um torcedor ap\u00f3s a derrota do Paris Saint-Germain para o Rennes na final da Copa da Fran\u00e7a.<\/p>\n\n\n\n<p>De acordo com a confedera\u00e7\u00e3o, o camisa 10 recebeu essa informa\u00e7\u00e3o do treinador no s\u00e1bado (25), dia em que chegou ao centro de treinamento da Granja Comary, em Teres\u00f3polis. No domingo, foi a vez de o comandante entrar em contato com seu novo capit\u00e3o, que vai se apresentar ao chefe nesta ter\u00e7a (28).<\/p>\n\n\n\n<p>Entregar a bra\u00e7adeira a Daniel Alves, amigo de Neymar e seu companheiro no PSG, foi a sa\u00edda encontrada por Tite para mostrar for\u00e7a. O ga\u00facho vinha sendo criticado por n\u00e3o aplicar ao craque do time seus r\u00edgidos par\u00e2metros disciplinares \u2013 no ano passado, justificou aus\u00eancia de Douglas Costa de amistosos por uma cuspida que o atleta da Juventus havia dado em um advers\u00e1rio.<\/p>\n\n\n\n<p>Neymar vinha sendo o capit\u00e3o fixo da equipe brasileira no per\u00edodo p\u00f3s-Copa do Mundo. Terminada a competi\u00e7\u00e3o na R\u00fassia, o treinador decidiu acabar com o rod\u00edzio da faixa -algo que adotara desde a chegada ao time nacional, em 2016- e entreg\u00e1-la definitivamente a seu principal jogador, em sinal de apoio e de transmiss\u00e3o de responsabilidade.<\/p>\n\n\n\n<figure class=\"wp-block-image\"><img decoding=\"async\" data-src=\"https:\/\/paraibaonline.com.br\/wp-content\/uploads\/2019\/05\/tite-567x378.jpg\" alt=\"Foto: Fernando Fraz\u00e3o\/Ag\u00eancia Brasil\" class=\"wp-image-740208 lazyload\" src=\"data:image\/svg+xml;base64,PHN2ZyB3aWR0aD0iMSIgaGVpZ2h0PSIxIiB4bWxucz0iaHR0cDovL3d3dy53My5vcmcvMjAwMC9zdmciPjwvc3ZnPg==\" style=\"--smush-placeholder-width: 567px; --smush-placeholder-aspect-ratio: 567\/378;\" \/><\/figure>\n\n\n\n<p>Foto: Fernando Fraz\u00e3o\/Ag\u00eancia Brasil<\/p>\n\n\n\n<p>N\u00e3o funcionou exatamente como queria o t\u00e9cnico, que se viu obrigado a responder insistentes perguntas sobre por que havia convocado o craque. No an\u00fancio da lista dos 23 atletas que disputar\u00e3o a Copa Am\u00e9rica, ele se irritou com os questionamentos sobre o assunto e disse que s\u00f3 se manifestaria sobre o assunto depois de conversar com seu comandado.<\/p>\n\n\n\n<p>Essa conversa, diz a CBF, ocorreu no s\u00e1bado. E nem a disposi\u00e7\u00e3o demonstrada por Neymar para se apresentar com anteced\u00eancia -sua chegada \u00e0 Granja Comary estava inicialmente programada para esta ter\u00e7a, ao lado de Daniel Alves- serviu para que Tite o mantivesse com a bra\u00e7adeira da sele\u00e7\u00e3o brasileira.<\/p>\n\n\n\n<p>O novo capit\u00e3o verde-amarelo j\u00e1 usou a faixa em quatro oportunidades. Aos 36 anos, possivelmente a caminho de se tornar o jogador mais velho a defender o Brasil em uma Copa do Mundo, ele ostentar\u00e1 o objeto pela quinta vez no pr\u00f3ximo dia 5, no amistoso contra o Qatar, marcado para Bras\u00edlia.<\/p>\n","protected":false},"excerpt":{"rendered":"<p>A CBF anunciou que Daniel Alves ser\u00e1 o capit\u00e3o da sele\u00e7\u00e3o brasileira na Copa Am\u00e9rica e nos amistosos de prepara\u00e7\u00e3o para a competi\u00e7\u00e3o. Tite decidiu&hellip; <\/p>\n","protected":false},"author":1,"featured_media":96887,"comment_status":"closed","ping_status":"closed","sticky":false,"template":"","format":"standard","meta":{"sfsi_plus_gutenberg_text_before_share":"","sfsi_plus_gutenberg_show_text_before_share":"","sfsi_plus_gutenberg_icon_type":"","sfsi_plus_gutenberg_icon_alignemt":"","sfsi_plus_gutenburg_max_per_row":"","footnotes":""},"categories":[13],"tags":[],"class_list":["post-96886","post","type-post","status-publish","format-standard","has-post-thumbnail","hentry","category-esportes"],"_links":{"self":[{"href":"https:\/\/www.caririemacao.com\/1\/wp-json\/wp\/v2\/posts\/96886","targetHints":{"allow":["GET"]}}],"collection":[{"href":"https:\/\/www.caririemacao.com\/1\/wp-json\/wp\/v2\/posts"}],"about":[{"href":"https:\/\/www.caririemacao.com\/1\/wp-json\/wp\/v2\/types\/post"}],"author":[{"embeddable":true,"href":"https:\/\/www.caririemacao.com\/1\/wp-json\/wp\/v2\/users\/1"}],"replies":[{"embeddable":true,"href":"https:\/\/www.caririemacao.com\/1\/wp-json\/wp\/v2\/comments?post=96886"}],"version-history":[{"count":1,"href":"https:\/\/www.caririemacao.com\/1\/wp-json\/wp\/v2\/posts\/96886\/revisions"}],"predecessor-version":[{"id":96888,"href":"https:\/\/www.caririemacao.com\/1\/wp-json\/wp\/v2\/posts\/96886\/revisions\/96888"}],"wp:featuredmedia":[{"embeddable":true,"href":"https:\/\/www.caririemacao.com\/1\/wp-json\/wp\/v2\/media\/96887"}],"wp:attachment":[{"href":"https:\/\/www.caririemacao.com\/1\/wp-json\/wp\/v2\/media?parent=96886"}],"wp:term":[{"taxonomy":"category","embeddable":true,"href":"https:\/\/www.caririemacao.com\/1\/wp-json\/wp\/v2\/categories?post=96886"},{"taxonomy":"post_tag","embeddable":true,"href":"https:\/\/www.caririemacao.com\/1\/wp-json\/wp\/v2\/tags?post=96886"}],"curies":[{"name":"wp","href":"https:\/\/api.w.org\/{rel}","templated":true}]}}