{"id":96896,"date":"2019-05-28T12:18:23","date_gmt":"2019-05-28T15:18:23","guid":{"rendered":"http:\/\/www.caririemacao.com\/1\/?p=96896"},"modified":"2019-05-28T12:18:23","modified_gmt":"2019-05-28T15:18:23","slug":"uninassau-encerra-12o-festival-da-pamonha-em-campina-grande","status":"publish","type":"post","link":"https:\/\/www.caririemacao.com\/1\/2019\/05\/28\/uninassau-encerra-12o-festival-da-pamonha-em-campina-grande\/","title":{"rendered":"UNINASSAU encerra 12\u00ba Festival da Pamonha em Campina Grande"},"content":{"rendered":"\n<p>A UNINASSAU \u2013 Centro Universit\u00e1rio Maur\u00edcio de Nassau encerra, nos dias 28 e 29 de maio, o 12\u00b0 Festival da Pamonha. O evento&nbsp;antecede as festividades de S\u00e3o Jo\u00e3o da cidade e contou com diversas capacita\u00e7\u00f5es para a comunidade, al\u00e9m de um concurso gastron\u00f4mico. A festa \u00e9 aberta ao p\u00fablico e conta com v\u00e1rias atra\u00e7\u00f5es art\u00edsticas.<\/p>\n\n\n\n<p>No dia 28, os shows ficam por conta de Hugo Sanfoneiro, Adriano Ezequiel e Larissa. J\u00e1 no dia 29 a festa ser\u00e1 comandada por Fabiano Guimar\u00e3es e a banda Forro da Resenha.&nbsp;Durante o evento ser\u00e3o realizadas diversas atividades culturais, incluindo grupos de dan\u00e7a e m\u00fasica para lembrar a vida e obra de Jackson do Pandeiro, que est\u00e1 sendo celebrado em todo o estado por causa de seu centen\u00e1rio.&nbsp;<\/p>\n\n\n\n<p>Na ocasi\u00e3o a artista paraibana Lucy Alves, ser\u00e1 homenageada e receber\u00e1 a comenda Maur\u00edcio de Nassau em reconhecimento ao seu importante trabalho e contribui\u00e7\u00e3o para a m\u00fasica e o estado da Para\u00edba.&nbsp;<\/p>\n\n\n\n<p>\u201cO festival da pamonha abre as comemora\u00e7\u00f5es do S\u00e3o Jo\u00e3o em Campina Grande. Desde o dia 21 estamos realizando cursos para a comunidade. Realizamos tamb\u00e9m o III Concurso gastron\u00f4mico Toque Dourado que ter\u00e1 a equipe vencedora anunciada no dia 29 durante o evento\u201d disse a professora e coordenadora do curso de nutri\u00e7\u00e3o,&nbsp;Janemary&nbsp;Malheiro, que \u00e9 organizadora do evento.<\/p>\n\n\n\n<p>Este ano, o evento faz uma homenagem a feira central de Campina Grande que est\u00e1 completando 94 anos, incluindo produtos e releituras de pratos tradicionais na Feira de Neg\u00f3cios Estudantis, organizada pelos alunos do curso de Gastronomia.<\/p>\n\n\n\n<p>O Festival da Pamonha acontece na unidade da UNINASSAU, localizada na&nbsp;Av. Ana De Azevedo, 207 \u2013 Palmeira.&nbsp;A entrada \u00e9 gratuita.&nbsp;<\/p>\n","protected":false},"excerpt":{"rendered":"<p>A UNINASSAU \u2013 Centro Universit\u00e1rio Maur\u00edcio de Nassau encerra, nos dias 28 e 29 de maio, o 12\u00b0 Festival da Pamonha. O evento&nbsp;antecede as festividades&hellip; <\/p>\n","protected":false},"author":1,"featured_media":96897,"comment_status":"closed","ping_status":"closed","sticky":false,"template":"","format":"standard","meta":{"sfsi_plus_gutenberg_text_before_share":"","sfsi_plus_gutenberg_show_text_before_share":"","sfsi_plus_gutenberg_icon_type":"","sfsi_plus_gutenberg_icon_alignemt":"","sfsi_plus_gutenburg_max_per_row":"","footnotes":""},"categories":[2],"tags":[],"class_list":["post-96896","post","type-post","status-publish","format-standard","has-post-thumbnail","hentry","category-geral"],"_links":{"self":[{"href":"https:\/\/www.caririemacao.com\/1\/wp-json\/wp\/v2\/posts\/96896","targetHints":{"allow":["GET"]}}],"collection":[{"href":"https:\/\/www.caririemacao.com\/1\/wp-json\/wp\/v2\/posts"}],"about":[{"href":"https:\/\/www.caririemacao.com\/1\/wp-json\/wp\/v2\/types\/post"}],"author":[{"embeddable":true,"href":"https:\/\/www.caririemacao.com\/1\/wp-json\/wp\/v2\/users\/1"}],"replies":[{"embeddable":true,"href":"https:\/\/www.caririemacao.com\/1\/wp-json\/wp\/v2\/comments?post=96896"}],"version-history":[{"count":1,"href":"https:\/\/www.caririemacao.com\/1\/wp-json\/wp\/v2\/posts\/96896\/revisions"}],"predecessor-version":[{"id":96898,"href":"https:\/\/www.caririemacao.com\/1\/wp-json\/wp\/v2\/posts\/96896\/revisions\/96898"}],"wp:featuredmedia":[{"embeddable":true,"href":"https:\/\/www.caririemacao.com\/1\/wp-json\/wp\/v2\/media\/96897"}],"wp:attachment":[{"href":"https:\/\/www.caririemacao.com\/1\/wp-json\/wp\/v2\/media?parent=96896"}],"wp:term":[{"taxonomy":"category","embeddable":true,"href":"https:\/\/www.caririemacao.com\/1\/wp-json\/wp\/v2\/categories?post=96896"},{"taxonomy":"post_tag","embeddable":true,"href":"https:\/\/www.caririemacao.com\/1\/wp-json\/wp\/v2\/tags?post=96896"}],"curies":[{"name":"wp","href":"https:\/\/api.w.org\/{rel}","templated":true}]}}