{"id":96906,"date":"2019-05-28T12:22:51","date_gmt":"2019-05-28T15:22:51","guid":{"rendered":"http:\/\/www.caririemacao.com\/1\/?p=96906"},"modified":"2019-05-28T12:22:51","modified_gmt":"2019-05-28T15:22:51","slug":"vigilancia-sanitaria-de-sume-orienta-barraqueiros-do-arraial-ze-marcolino-para-as-festividades-sao-joao","status":"publish","type":"post","link":"https:\/\/www.caririemacao.com\/1\/2019\/05\/28\/vigilancia-sanitaria-de-sume-orienta-barraqueiros-do-arraial-ze-marcolino-para-as-festividades-sao-joao\/","title":{"rendered":"Vigil\u00e2ncia Sanit\u00e1ria de Sum\u00e9 orienta barraqueiros do Arraial Z\u00e9 Marcolino para as festividades S\u00e3o Jo\u00e3o"},"content":{"rendered":"\n<p>A Secretaria de Sa\u00fade de Sum\u00e9, por meio da vigil\u00e2ncia Sanit\u00e1ria, promoveu nessa segunda-feira (28) uma capacita\u00e7\u00e3o para os vendedores de alimentos e bebidas (barraqueiros), da Pra\u00e7a Jos\u00e9 Am\u00e9rico, durante os festejos juninos do S\u00e3o Jo\u00e3o do munic\u00edpio. <br>\nSegundo os t\u00e9cnicos da Vigil\u00e2ncia Sanit\u00e1ria, Pablo Rafael e Marconi Almeida, o treinamento tem como objetivo principal auxiliar os comerciantes e manipuladores de alimentos a desempenharem suas atividades de forma adequada, higi\u00eanica e segura para que tudo saia em perfeitas condi\u00e7\u00f5es, sem apresentar nenhum risco ao cliente.  <br>\nA secret\u00e1ria de Sa\u00fade do munic\u00edpio, Alessandra Regina, disse que ter esse cuidado \u00e9 fundamental para a sa\u00fade do consumidor. Ela ainda solicitou aos comerciantes para que eles fiquem atentos quanto \u00e0 venda de bebidas alc\u00f3olicas a menores de idade, bem como a utiliza\u00e7\u00e3o do trabalho infantil nas barracas.  <br>\nO S\u00e3o Jo\u00e3o de Sum\u00e9 tem in\u00edcio no dia 14 de junho com a Namoradrilha puxada pelos cantores Filipe Warley e Ramon Schnayder.<br>\nAs camisas da Namoradrilha est\u00e3o sendo vendidas ao pre\u00e7o de R$ 25,00, na Secretaria de Educa\u00e7\u00e3o. O dinheiro arrecadado ser\u00e1 revertido em favor do Abrigo de Idosos Ros\u00e1lia Paulino.<\/p>\n\n\n\n<p>Ascom PMS<\/p>\n","protected":false},"excerpt":{"rendered":"<p>A Secretaria de Sa\u00fade de Sum\u00e9, por meio da vigil\u00e2ncia Sanit\u00e1ria, promoveu nessa segunda-feira (28) uma capacita\u00e7\u00e3o para os vendedores de alimentos e bebidas (barraqueiros),&hellip; <\/p>\n","protected":false},"author":1,"featured_media":96907,"comment_status":"closed","ping_status":"closed","sticky":false,"template":"","format":"standard","meta":{"sfsi_plus_gutenberg_text_before_share":"","sfsi_plus_gutenberg_show_text_before_share":"","sfsi_plus_gutenberg_icon_type":"","sfsi_plus_gutenberg_icon_alignemt":"","sfsi_plus_gutenburg_max_per_row":"","footnotes":""},"categories":[2],"tags":[],"class_list":["post-96906","post","type-post","status-publish","format-standard","has-post-thumbnail","hentry","category-geral"],"_links":{"self":[{"href":"https:\/\/www.caririemacao.com\/1\/wp-json\/wp\/v2\/posts\/96906","targetHints":{"allow":["GET"]}}],"collection":[{"href":"https:\/\/www.caririemacao.com\/1\/wp-json\/wp\/v2\/posts"}],"about":[{"href":"https:\/\/www.caririemacao.com\/1\/wp-json\/wp\/v2\/types\/post"}],"author":[{"embeddable":true,"href":"https:\/\/www.caririemacao.com\/1\/wp-json\/wp\/v2\/users\/1"}],"replies":[{"embeddable":true,"href":"https:\/\/www.caririemacao.com\/1\/wp-json\/wp\/v2\/comments?post=96906"}],"version-history":[{"count":1,"href":"https:\/\/www.caririemacao.com\/1\/wp-json\/wp\/v2\/posts\/96906\/revisions"}],"predecessor-version":[{"id":96908,"href":"https:\/\/www.caririemacao.com\/1\/wp-json\/wp\/v2\/posts\/96906\/revisions\/96908"}],"wp:featuredmedia":[{"embeddable":true,"href":"https:\/\/www.caririemacao.com\/1\/wp-json\/wp\/v2\/media\/96907"}],"wp:attachment":[{"href":"https:\/\/www.caririemacao.com\/1\/wp-json\/wp\/v2\/media?parent=96906"}],"wp:term":[{"taxonomy":"category","embeddable":true,"href":"https:\/\/www.caririemacao.com\/1\/wp-json\/wp\/v2\/categories?post=96906"},{"taxonomy":"post_tag","embeddable":true,"href":"https:\/\/www.caririemacao.com\/1\/wp-json\/wp\/v2\/tags?post=96906"}],"curies":[{"name":"wp","href":"https:\/\/api.w.org\/{rel}","templated":true}]}}