{"id":96912,"date":"2019-05-28T13:40:33","date_gmt":"2019-05-28T16:40:33","guid":{"rendered":"http:\/\/www.caririemacao.com\/1\/?p=96912"},"modified":"2019-05-28T13:40:33","modified_gmt":"2019-05-28T16:40:33","slug":"prazo-para-pagamento-de-iptu-com-desconto-termina-nesta-sexta-feira-para-monteirenses","status":"publish","type":"post","link":"https:\/\/www.caririemacao.com\/1\/2019\/05\/28\/prazo-para-pagamento-de-iptu-com-desconto-termina-nesta-sexta-feira-para-monteirenses\/","title":{"rendered":"Prazo para pagamento de IPTU com desconto termina nesta sexta-feira para monteirenses"},"content":{"rendered":"\n<p>Para incentivar a arrecada\u00e7\u00e3o no tempo correto, a Prefeitura Municipal de Monteiro tem disponibilizado o desconto de 20%. O valor este decr\u00e9scimo pode ser pago at\u00e9 a sexta-feira dia 31 de Maio. <br>\nO pagamento do Imposto Predial e Territorial Urbano &#8211; IPTU 2019, que \u00e9 feito em parcela \u00fanica, tem como objetivo proporcionar \u00e0 popula\u00e7\u00e3o monteirense novas obras e servi\u00e7os, a exemplo de pavimenta\u00e7\u00e3o de ruas, manuten\u00e7\u00e3o dos servi\u00e7os de limpeza, constru\u00e7\u00e3o e reforma de pra\u00e7as, entre outras melhorias realizadas na \u00e1rea urbana do munic\u00edpio, bem como servi\u00e7os de sa\u00fade, educa\u00e7\u00e3o e a\u00e7\u00f5es sociais.<br>\nPara realizar o pagamento, o dono do im\u00f3vel deve levar o carn\u00ea a uma ag\u00eancia ou correspondente banc\u00e1rio, ou na Prefeitura no setor de arrecada\u00e7\u00e3o. Para quem extraviou o boleto e necessita de uma segunda via, a impress\u00e3o pode ser feita atrav\u00e9s do site oficial da Prefeitura www.monteiro.gov.br e clicar no banner lateral IPTU  ou no link: http:\/\/portaldocontribuinte.publicsoft.com.br\/sistemas\/PortalDoContribuinte\/views\/?url=Boletos\/pesquisarBoletosIptu.php#frameContent<br>\nO processo pode ser feito tanto por meio do computador, tablet e at\u00e9 mesmo via celular, o que facilita tamb\u00e9m o pagamento atrav\u00e9s do internet banking (pagamento via aplicativos banc\u00e1rios).<br>\nAp\u00f3s a data de vencimento, o valor cobrado ser\u00e1 o integral.<\/p>\n","protected":false},"excerpt":{"rendered":"<p>Para incentivar a arrecada\u00e7\u00e3o no tempo correto, a Prefeitura Municipal de Monteiro tem disponibilizado o desconto de 20%. O valor este decr\u00e9scimo pode ser pago&hellip; <\/p>\n","protected":false},"author":1,"featured_media":96913,"comment_status":"closed","ping_status":"closed","sticky":false,"template":"","format":"standard","meta":{"sfsi_plus_gutenberg_text_before_share":"","sfsi_plus_gutenberg_show_text_before_share":"","sfsi_plus_gutenberg_icon_type":"","sfsi_plus_gutenberg_icon_alignemt":"","sfsi_plus_gutenburg_max_per_row":"","footnotes":""},"categories":[2],"tags":[],"class_list":["post-96912","post","type-post","status-publish","format-standard","has-post-thumbnail","hentry","category-geral"],"_links":{"self":[{"href":"https:\/\/www.caririemacao.com\/1\/wp-json\/wp\/v2\/posts\/96912","targetHints":{"allow":["GET"]}}],"collection":[{"href":"https:\/\/www.caririemacao.com\/1\/wp-json\/wp\/v2\/posts"}],"about":[{"href":"https:\/\/www.caririemacao.com\/1\/wp-json\/wp\/v2\/types\/post"}],"author":[{"embeddable":true,"href":"https:\/\/www.caririemacao.com\/1\/wp-json\/wp\/v2\/users\/1"}],"replies":[{"embeddable":true,"href":"https:\/\/www.caririemacao.com\/1\/wp-json\/wp\/v2\/comments?post=96912"}],"version-history":[{"count":1,"href":"https:\/\/www.caririemacao.com\/1\/wp-json\/wp\/v2\/posts\/96912\/revisions"}],"predecessor-version":[{"id":96914,"href":"https:\/\/www.caririemacao.com\/1\/wp-json\/wp\/v2\/posts\/96912\/revisions\/96914"}],"wp:featuredmedia":[{"embeddable":true,"href":"https:\/\/www.caririemacao.com\/1\/wp-json\/wp\/v2\/media\/96913"}],"wp:attachment":[{"href":"https:\/\/www.caririemacao.com\/1\/wp-json\/wp\/v2\/media?parent=96912"}],"wp:term":[{"taxonomy":"category","embeddable":true,"href":"https:\/\/www.caririemacao.com\/1\/wp-json\/wp\/v2\/categories?post=96912"},{"taxonomy":"post_tag","embeddable":true,"href":"https:\/\/www.caririemacao.com\/1\/wp-json\/wp\/v2\/tags?post=96912"}],"curies":[{"name":"wp","href":"https:\/\/api.w.org\/{rel}","templated":true}]}}