{"id":96918,"date":"2019-05-28T15:13:08","date_gmt":"2019-05-28T18:13:08","guid":{"rendered":"http:\/\/www.caririemacao.com\/1\/?p=96918"},"modified":"2019-05-28T15:13:08","modified_gmt":"2019-05-28T18:13:08","slug":"presidente-da-al-cria-comissao-para-fazer-ajustes-no-ppcr-dos-agentes-penitenciarios","status":"publish","type":"post","link":"https:\/\/www.caririemacao.com\/1\/2019\/05\/28\/presidente-da-al-cria-comissao-para-fazer-ajustes-no-ppcr-dos-agentes-penitenciarios\/","title":{"rendered":"Presidente da AL cria comiss\u00e3o para fazer ajustes no PPCR dos Agentes Penitenci\u00e1rios"},"content":{"rendered":"\n<p>Os deputados aprovaram por unanimidade na sess\u00e3o desta ter\u00e7a-feira (28), o Plano de Cargo, Carreira e Remunera\u00e7\u00e3o dos Agentes Penitenci\u00e1rios do Estado. A mat\u00e9ria do Poder Executivo foi bastante elogiada pelos parlamentares, por\u00e9m contou com algumas ressalvas advindas da bancada de oposi\u00e7\u00e3o e contou com a anu\u00eancia do presidente da Assembleia Legislativa, Adriano Galdino (PSB).<\/p>\n\n\n\n<p>Com as cobran\u00e7as de v\u00e1rios deputados sobre algumas injusti\u00e7as criadas no PCCR com os agentes que foram efetivados antes da Constitui\u00e7\u00e3o de 88, o deputado Adriano Galdino (PSB) prop\u00f4s a cria\u00e7\u00e3o de uma comiss\u00e3o para resolver junto ao governador Jo\u00e3o Azevedo a \u201csitua\u00e7\u00e3o dos que n\u00e3o foram contemplados com o plano. Vamos dialogar com o governo para sanar essa injusti\u00e7a\u201d, garantiu.<\/p>\n\n\n\n<p>O presidente convocou os deputados Ricardo Barbosa (PSB), Cabo Gilberto (PSL), Wallber Virgulino (Patriota), Bosco Carneiro (PPS), Chi\u00f3 (Rede), Jo\u00e3o Henriques (PSDB) e Jeov\u00e1 campos (PSB) para integrarem a comiss\u00e3o, que vai levar os ajustes que ser\u00e3o feitos com a diretoria do sindicato, que esteve presente \u00e0 sess\u00e3o para pressionar o parlamento no sentido de modificar o artigo 37 do plano do governo que trata do Grupo Ocupacional de Apoio Judic\u00e1rio.<\/p>\n","protected":false},"excerpt":{"rendered":"<p>Os deputados aprovaram por unanimidade na sess\u00e3o desta ter\u00e7a-feira (28), o Plano de Cargo, Carreira e Remunera\u00e7\u00e3o dos Agentes Penitenci\u00e1rios do Estado. A mat\u00e9ria do&hellip; <\/p>\n","protected":false},"author":1,"featured_media":94143,"comment_status":"closed","ping_status":"closed","sticky":false,"template":"","format":"standard","meta":{"sfsi_plus_gutenberg_text_before_share":"","sfsi_plus_gutenberg_show_text_before_share":"","sfsi_plus_gutenberg_icon_type":"","sfsi_plus_gutenberg_icon_alignemt":"","sfsi_plus_gutenburg_max_per_row":"","footnotes":""},"categories":[11],"tags":[],"class_list":["post-96918","post","type-post","status-publish","format-standard","has-post-thumbnail","hentry","category-politica"],"_links":{"self":[{"href":"https:\/\/www.caririemacao.com\/1\/wp-json\/wp\/v2\/posts\/96918","targetHints":{"allow":["GET"]}}],"collection":[{"href":"https:\/\/www.caririemacao.com\/1\/wp-json\/wp\/v2\/posts"}],"about":[{"href":"https:\/\/www.caririemacao.com\/1\/wp-json\/wp\/v2\/types\/post"}],"author":[{"embeddable":true,"href":"https:\/\/www.caririemacao.com\/1\/wp-json\/wp\/v2\/users\/1"}],"replies":[{"embeddable":true,"href":"https:\/\/www.caririemacao.com\/1\/wp-json\/wp\/v2\/comments?post=96918"}],"version-history":[{"count":1,"href":"https:\/\/www.caririemacao.com\/1\/wp-json\/wp\/v2\/posts\/96918\/revisions"}],"predecessor-version":[{"id":96919,"href":"https:\/\/www.caririemacao.com\/1\/wp-json\/wp\/v2\/posts\/96918\/revisions\/96919"}],"wp:featuredmedia":[{"embeddable":true,"href":"https:\/\/www.caririemacao.com\/1\/wp-json\/wp\/v2\/media\/94143"}],"wp:attachment":[{"href":"https:\/\/www.caririemacao.com\/1\/wp-json\/wp\/v2\/media?parent=96918"}],"wp:term":[{"taxonomy":"category","embeddable":true,"href":"https:\/\/www.caririemacao.com\/1\/wp-json\/wp\/v2\/categories?post=96918"},{"taxonomy":"post_tag","embeddable":true,"href":"https:\/\/www.caririemacao.com\/1\/wp-json\/wp\/v2\/tags?post=96918"}],"curies":[{"name":"wp","href":"https:\/\/api.w.org\/{rel}","templated":true}]}}